{"id":116256,"date":"2023-03-27T11:35:52","date_gmt":"2023-03-27T14:35:52","guid":{"rendered":"https:\/\/eldiariodesanpedro.com.ar\/sitio\/?p=116256"},"modified":"2023-03-27T11:35:54","modified_gmt":"2023-03-27T14:35:54","slug":"renuncio-fabian-rodriguez-yo-le-soy-fiel-a-ramon","status":"publish","type":"post","link":"https:\/\/eldiariodesanpedro.com.ar\/sitio\/renuncio-fabian-rodriguez-yo-le-soy-fiel-a-ramon\/","title":{"rendered":"Renunci\u00f3 Fabian Rodriguez \u201cYo le soy fiel a Ram\u00f3n\u201d"},"content":{"rendered":"<!-- VideographyWP Plugin Message: Automatic video embedding prevented by plugin options. -->\n\n<p>El secretario de Econom\u00eda Fabi\u00e1n Rodr\u00edguez renunci\u00f3 a su cargo tras la salida del intendente Ram\u00f3n Salazar, por la interrupci\u00f3n de la licencia del intendente electo Cecilio Salazar.&nbsp;<\/p>\n\n\n\n<p>El ex Secretario ratific\u00f3 las intenciones de Ram\u00f3n Salazar de ser intendente.&nbsp;<\/p>\n\n\n\n<p>Sin embargo, el concejal electo hab\u00eda anticipado que se ir\u00e1 a vivir a Buenos Aires.<\/p>\n","protected":false},"excerpt":{"rendered":"<p>El secretario de Econom\u00eda Fabi\u00e1n Rodr\u00edguez renunci\u00f3 a su cargo tras la salida del intendente Ram\u00f3n Salazar, por la interrupci\u00f3n de la licencia del intendente electo Cecilio Salazar.&nbsp; El ex Secretario ratific\u00f3 las intenciones de Ram\u00f3n Salazar de ser intendente.&nbsp; Sin embargo, el concejal electo hab\u00eda anticipado que se ir\u00e1 a vivir a Buenos Aires.<\/p>\n","protected":false},"author":4,"featured_media":70162,"comment_status":"closed","ping_status":"closed","sticky":false,"template":"","format":"standard","meta":{"om_disable_all_campaigns":false,"_jetpack_memberships_contains_paid_content":false,"footnotes":""},"categories":[50,101,2],"tags":[197,696,33,19],"class_list":["post-116256","post","type-post","status-publish","format-standard","has-post-thumbnail","hentry","category-destacadas","category-interes-general-locales","category-locales","tag-buenos-aires","tag-interes-general","tag-locales","tag-san-pedro"],"aioseo_notices":[],"gutentor_comment":0,"jetpack_featured_media_url":"https:\/\/eldiariodesanpedro.com.ar\/sitio\/wp-content\/uploads\/2020\/03\/ramon_salazar_fabian_rodriguez.jpg","jetpack_shortlink":"https:\/\/wp.me\/p6RhLt-uf6","jetpack_sharing_enabled":true,"_links":{"self":[{"href":"https:\/\/eldiariodesanpedro.com.ar\/sitio\/wp-json\/wp\/v2\/posts\/116256","targetHints":{"allow":["GET"]}}],"collection":[{"href":"https:\/\/eldiariodesanpedro.com.ar\/sitio\/wp-json\/wp\/v2\/posts"}],"about":[{"href":"https:\/\/eldiariodesanpedro.com.ar\/sitio\/wp-json\/wp\/v2\/types\/post"}],"author":[{"embeddable":true,"href":"https:\/\/eldiariodesanpedro.com.ar\/sitio\/wp-json\/wp\/v2\/users\/4"}],"replies":[{"embeddable":true,"href":"https:\/\/eldiariodesanpedro.com.ar\/sitio\/wp-json\/wp\/v2\/comments?post=116256"}],"version-history":[{"count":1,"href":"https:\/\/eldiariodesanpedro.com.ar\/sitio\/wp-json\/wp\/v2\/posts\/116256\/revisions"}],"predecessor-version":[{"id":116257,"href":"https:\/\/eldiariodesanpedro.com.ar\/sitio\/wp-json\/wp\/v2\/posts\/116256\/revisions\/116257"}],"wp:featuredmedia":[{"embeddable":true,"href":"https:\/\/eldiariodesanpedro.com.ar\/sitio\/wp-json\/wp\/v2\/media\/70162"}],"wp:attachment":[{"href":"https:\/\/eldiariodesanpedro.com.ar\/sitio\/wp-json\/wp\/v2\/media?parent=116256"}],"wp:term":[{"taxonomy":"category","embeddable":true,"href":"https:\/\/eldiariodesanpedro.com.ar\/sitio\/wp-json\/wp\/v2\/categories?post=116256"},{"taxonomy":"post_tag","embeddable":true,"href":"https:\/\/eldiariodesanpedro.com.ar\/sitio\/wp-json\/wp\/v2\/tags?post=116256"}],"curies":[{"name":"wp","href":"https:\/\/api.w.org\/{rel}","templated":true}]}}