{"id":116253,"date":"2023-03-27T11:23:02","date_gmt":"2023-03-27T14:23:02","guid":{"rendered":"https:\/\/eldiariodesanpedro.com.ar\/sitio\/?p=116253"},"modified":"2023-03-27T11:23:04","modified_gmt":"2023-03-27T14:23:04","slug":"detienen-a-dos-motochorros-armados-en-el-barrio-la-tosquera","status":"publish","type":"post","link":"https:\/\/eldiariodesanpedro.com.ar\/sitio\/detienen-a-dos-motochorros-armados-en-el-barrio-la-tosquera\/","title":{"rendered":"Detienen a dos motochorros armados en el barrio La Tosquera"},"content":{"rendered":"<!-- VideographyWP Plugin Message: Automatic video embedding prevented by plugin options. -->\n\n<p>Fueron interceptados por la DDI. Llevaban un arma cargada y circulaban en una moto con pedido de secuestro.<\/p>\n\n\n\n<p>Personal de la DDI San Pedro- Baradero logr\u00f3 detener en la noche del s\u00e1bado a dos delincuentes acusados de ser los protagonistas de hechos de entraderas y robos calificados perpetrados en distintos puntos de la ciudad.<\/p>\n\n\n\n<p>Los sospechosos, de 25 y 21 a\u00f1os, circulaban en una moto Honda Tit\u00e1n e intentaron evadir a la polic\u00eda cuando pretendieron identificarlos.<\/p>\n\n\n\n<p>Los motochorros fueron interceptados en el barrio La Tosquera y al momento de ser requisados, al mayor de estos, identificado como Mart\u00edn Lisandro Rivero, de 25 a\u00f1os, se le secuestr\u00f3 entre sus ropas una pistola calibre 45 con 6 proyectiles que al momento de ser registrada se constante que ten\u00eda pedido de secuestro por haber sido sustra\u00edda a un vecino de nuestra ciudad el 8 de noviembre del a\u00f1o pasado.<\/p>\n\n\n\n<p>A la vez, la moto pose\u00eda la numeraci\u00f3n suprimida.<\/p>\n\n\n\n<p>El caso recay\u00f3 en la fiscal\u00eda N\u00b05 y la Dra. Viviani decidi\u00f3 detener a Rivero, por portaci\u00f3n ilegal de arma de fuego e infracci\u00f3n al art. 289, mientras que dispuso la liberaci\u00f3n del conductor de la moto notific\u00e1ndoselo de la apertura de una causa por encubrimiento.<\/p>\n","protected":false},"excerpt":{"rendered":"<p>Fueron interceptados por la DDI. Llevaban un arma cargada y circulaban en una moto con pedido de secuestro. Personal de la DDI San Pedro- Baradero logr\u00f3 detener en la noche del s\u00e1bado a dos delincuentes acusados de ser los protagonistas de hechos de entraderas y robos calificados perpetrados en distintos puntos de la ciudad. Los [&hellip;]<\/p>\n","protected":false},"author":4,"featured_media":116254,"comment_status":"closed","ping_status":"closed","sticky":false,"template":"","format":"standard","meta":{"om_disable_all_campaigns":false,"_jetpack_memberships_contains_paid_content":false,"footnotes":""},"categories":[2,103],"tags":[197,696,33,19],"class_list":["post-116253","post","type-post","status-publish","format-standard","has-post-thumbnail","hentry","category-locales","category-policiales-locales","tag-buenos-aires","tag-interes-general","tag-locales","tag-san-pedro"],"aioseo_notices":[],"gutentor_comment":0,"jetpack_featured_media_url":"https:\/\/eldiariodesanpedro.com.ar\/sitio\/wp-content\/uploads\/2023\/03\/0000021734-resized-1920x1080-1.jpg","jetpack_shortlink":"https:\/\/wp.me\/p6RhLt-uf3","jetpack_sharing_enabled":true,"_links":{"self":[{"href":"https:\/\/eldiariodesanpedro.com.ar\/sitio\/wp-json\/wp\/v2\/posts\/116253","targetHints":{"allow":["GET"]}}],"collection":[{"href":"https:\/\/eldiariodesanpedro.com.ar\/sitio\/wp-json\/wp\/v2\/posts"}],"about":[{"href":"https:\/\/eldiariodesanpedro.com.ar\/sitio\/wp-json\/wp\/v2\/types\/post"}],"author":[{"embeddable":true,"href":"https:\/\/eldiariodesanpedro.com.ar\/sitio\/wp-json\/wp\/v2\/users\/4"}],"replies":[{"embeddable":true,"href":"https:\/\/eldiariodesanpedro.com.ar\/sitio\/wp-json\/wp\/v2\/comments?post=116253"}],"version-history":[{"count":1,"href":"https:\/\/eldiariodesanpedro.com.ar\/sitio\/wp-json\/wp\/v2\/posts\/116253\/revisions"}],"predecessor-version":[{"id":116255,"href":"https:\/\/eldiariodesanpedro.com.ar\/sitio\/wp-json\/wp\/v2\/posts\/116253\/revisions\/116255"}],"wp:featuredmedia":[{"embeddable":true,"href":"https:\/\/eldiariodesanpedro.com.ar\/sitio\/wp-json\/wp\/v2\/media\/116254"}],"wp:attachment":[{"href":"https:\/\/eldiariodesanpedro.com.ar\/sitio\/wp-json\/wp\/v2\/media?parent=116253"}],"wp:term":[{"taxonomy":"category","embeddable":true,"href":"https:\/\/eldiariodesanpedro.com.ar\/sitio\/wp-json\/wp\/v2\/categories?post=116253"},{"taxonomy":"post_tag","embeddable":true,"href":"https:\/\/eldiariodesanpedro.com.ar\/sitio\/wp-json\/wp\/v2\/tags?post=116253"}],"curies":[{"name":"wp","href":"https:\/\/api.w.org\/{rel}","templated":true}]}}