{"id":116247,"date":"2023-03-27T11:15:56","date_gmt":"2023-03-27T14:15:56","guid":{"rendered":"https:\/\/eldiariodesanpedro.com.ar\/sitio\/?p=116247"},"modified":"2023-03-27T11:15:57","modified_gmt":"2023-03-27T14:15:57","slug":"ruta-9-despiste-y-vuelco-en-el-km-148","status":"publish","type":"post","link":"https:\/\/eldiariodesanpedro.com.ar\/sitio\/ruta-9-despiste-y-vuelco-en-el-km-148\/","title":{"rendered":"Ruta 9: despiste y vuelco en el km. 148"},"content":{"rendered":"<!-- VideographyWP Plugin Message: Automatic video embedding prevented by plugin options. -->\n\n<p><a href=\"http:\/\/canalwebsanpedro.com.ar\/ruta-9-despiste-y-vuelco-en-el-km-148\/\"><\/a>Ocurri\u00f3 En la noche del d\u00eda viernes, pasadas las 23hs, un autom\u00f3vil VW Suran despist\u00f3 y volc\u00f3 en Ruta Nacional N\u00ba9 km 148.<\/p>\n\n\n\n<p>El ocupante sufri\u00f3 golpes leves y fue traslado a la Sala de Primeros Auxilios de R\u00edo Tala. En el lugar trabajaron Polic\u00eda R\u00edo Tala, Gendarmer\u00eda Nacional y Corredores Viales.<\/p>\n\n\n\n<p>(Fuente: Th Producciones)<\/p>\n","protected":false},"excerpt":{"rendered":"<p>Ocurri\u00f3 En la noche del d\u00eda viernes, pasadas las 23hs, un autom\u00f3vil VW Suran despist\u00f3 y volc\u00f3 en Ruta Nacional N\u00ba9 km 148. El ocupante sufri\u00f3 golpes leves y fue traslado a la Sala de Primeros Auxilios de R\u00edo Tala. En el lugar trabajaron Polic\u00eda R\u00edo Tala, Gendarmer\u00eda Nacional y Corredores Viales. (Fuente: Th Producciones)<\/p>\n","protected":false},"author":4,"featured_media":116248,"comment_status":"closed","ping_status":"closed","sticky":false,"template":"","format":"standard","meta":{"om_disable_all_campaigns":false,"_jetpack_memberships_contains_paid_content":false,"footnotes":""},"categories":[2,103],"tags":[197,33,95,19],"class_list":["post-116247","post","type-post","status-publish","format-standard","has-post-thumbnail","hentry","category-locales","category-policiales-locales","tag-buenos-aires","tag-locales","tag-policiales","tag-san-pedro"],"aioseo_notices":[],"gutentor_comment":0,"jetpack_featured_media_url":"https:\/\/eldiariodesanpedro.com.ar\/sitio\/wp-content\/uploads\/2023\/03\/IMG_20230325_223850.jpg","jetpack_shortlink":"https:\/\/wp.me\/p6RhLt-ueX","jetpack_sharing_enabled":true,"_links":{"self":[{"href":"https:\/\/eldiariodesanpedro.com.ar\/sitio\/wp-json\/wp\/v2\/posts\/116247","targetHints":{"allow":["GET"]}}],"collection":[{"href":"https:\/\/eldiariodesanpedro.com.ar\/sitio\/wp-json\/wp\/v2\/posts"}],"about":[{"href":"https:\/\/eldiariodesanpedro.com.ar\/sitio\/wp-json\/wp\/v2\/types\/post"}],"author":[{"embeddable":true,"href":"https:\/\/eldiariodesanpedro.com.ar\/sitio\/wp-json\/wp\/v2\/users\/4"}],"replies":[{"embeddable":true,"href":"https:\/\/eldiariodesanpedro.com.ar\/sitio\/wp-json\/wp\/v2\/comments?post=116247"}],"version-history":[{"count":1,"href":"https:\/\/eldiariodesanpedro.com.ar\/sitio\/wp-json\/wp\/v2\/posts\/116247\/revisions"}],"predecessor-version":[{"id":116249,"href":"https:\/\/eldiariodesanpedro.com.ar\/sitio\/wp-json\/wp\/v2\/posts\/116247\/revisions\/116249"}],"wp:featuredmedia":[{"embeddable":true,"href":"https:\/\/eldiariodesanpedro.com.ar\/sitio\/wp-json\/wp\/v2\/media\/116248"}],"wp:attachment":[{"href":"https:\/\/eldiariodesanpedro.com.ar\/sitio\/wp-json\/wp\/v2\/media?parent=116247"}],"wp:term":[{"taxonomy":"category","embeddable":true,"href":"https:\/\/eldiariodesanpedro.com.ar\/sitio\/wp-json\/wp\/v2\/categories?post=116247"},{"taxonomy":"post_tag","embeddable":true,"href":"https:\/\/eldiariodesanpedro.com.ar\/sitio\/wp-json\/wp\/v2\/tags?post=116247"}],"curies":[{"name":"wp","href":"https:\/\/api.w.org\/{rel}","templated":true}]}}