{"id":116243,"date":"2023-03-27T11:03:33","date_gmt":"2023-03-27T14:03:33","guid":{"rendered":"https:\/\/eldiariodesanpedro.com.ar\/sitio\/?p=116243"},"modified":"2023-03-27T11:08:25","modified_gmt":"2023-03-27T14:08:25","slug":"cecilio-salazar-vuelve-a-la-intendencia-de-san-pedro","status":"publish","type":"post","link":"https:\/\/eldiariodesanpedro.com.ar\/sitio\/cecilio-salazar-vuelve-a-la-intendencia-de-san-pedro\/","title":{"rendered":"Cecilio Salazar vuelve a la intendencia de San Pedro"},"content":{"rendered":"<!-- VideographyWP Plugin Message: Automatic video embedding prevented by plugin options. -->\n\n<p>El intendente interrumpi\u00f3 su licencia y volver\u00e1 al cargo que actualmente ocupaba su hijo, el Dr. Ram\u00f3n Oscar Salazar, que de esta manera podr\u00eda volver a su banca en el HCD.\u00a0<\/p>\n\n\n\n<p>Quien hasta este lunes se desempe\u00f1aba como integrante del directorio del Ferrocarril Belgrano Cargas, interrumpi\u00f3 su licencia y volver\u00e1 al Ejecutivo, actualmente en manos del concejal electo e hijo de Cecilio, Ram\u00f3n Salazar.<\/p>\n\n\n\n<p>La noticia fue confirmada por el propio Cecilio Salazar, tras los pasos formales que incluyen la presentaci\u00f3n en el HCD poniendo fin a la licencia desde este lunes 27.<\/p>\n\n\n\n<p>La noticia, que ya hab\u00eda sido adelantada a Ram\u00f3n Salazar este domingo, cay\u00f3 muy mal al actual intendente interino que este lunes, en Equipo de Radio, apunt\u00f3 duramente contra Cecilio.<\/p>\n\n\n\n<p>\u00abCuando me toc\u00f3 hablar en R\u00edo Tala ten\u00eda sensaciones encontradas por la gente disfrutando\u00bb, dijo respecto a su presentaci\u00f3n en la Fiesta de la Batata. \u00abEstaba feliz y dolido por dentro por la charla telef\u00f3nica con mi viejo. Ten\u00eda ganas de decir muchas cosas pero no las quise decir\u00bb, dijo Ram\u00f3n.<\/p>\n\n\n\n<p>Adem\u00e1s el hasta hoy intendente apunt\u00f3 contra Alfredo Carrasco, mano derecha de Cecilio, y exsecretario de Gobierno, a quien acus\u00f3 de entorpecer la relaci\u00f3n con su padre. Adem\u00e1s adelant\u00f3 que \u00abno aceptar\u00e1 nada\u00bb de su padre: \u00abmis hijas nunca tuvieron abuelo\u00bb, apunt\u00f3 Ram\u00f3n.<\/p>\n\n\n\n<p>Ram\u00f3n se defini\u00f3 como una persona \u00abCapacitada, leal, y responsable\u00bb y adelant\u00f3 que trabajar\u00e1 en armar su propio estudio jur\u00eddico.&nbsp;<\/p>\n","protected":false},"excerpt":{"rendered":"<p>El intendente interrumpi\u00f3 su licencia y volver\u00e1 al cargo que actualmente ocupaba su hijo, el Dr. Ram\u00f3n Oscar Salazar, que de esta manera podr\u00eda volver a su banca en el HCD.\u00a0 Quien hasta este lunes se desempe\u00f1aba como integrante del directorio del Ferrocarril Belgrano Cargas, interrumpi\u00f3 su licencia y volver\u00e1 al Ejecutivo, actualmente en manos [&hellip;]<\/p>\n","protected":false},"author":4,"featured_media":54998,"comment_status":"closed","ping_status":"closed","sticky":false,"template":"","format":"standard","meta":{"om_disable_all_campaigns":false,"_jetpack_memberships_contains_paid_content":false,"footnotes":""},"categories":[50,101,2],"tags":[197,696,33,19],"class_list":["post-116243","post","type-post","status-publish","format-standard","has-post-thumbnail","hentry","category-destacadas","category-interes-general-locales","category-locales","tag-buenos-aires","tag-interes-general","tag-locales","tag-san-pedro"],"aioseo_notices":[],"gutentor_comment":0,"jetpack_featured_media_url":"https:\/\/eldiariodesanpedro.com.ar\/sitio\/wp-content\/uploads\/2019\/06\/Cecilio.jpg","jetpack_shortlink":"https:\/\/wp.me\/p6RhLt-ueT","jetpack_sharing_enabled":true,"_links":{"self":[{"href":"https:\/\/eldiariodesanpedro.com.ar\/sitio\/wp-json\/wp\/v2\/posts\/116243","targetHints":{"allow":["GET"]}}],"collection":[{"href":"https:\/\/eldiariodesanpedro.com.ar\/sitio\/wp-json\/wp\/v2\/posts"}],"about":[{"href":"https:\/\/eldiariodesanpedro.com.ar\/sitio\/wp-json\/wp\/v2\/types\/post"}],"author":[{"embeddable":true,"href":"https:\/\/eldiariodesanpedro.com.ar\/sitio\/wp-json\/wp\/v2\/users\/4"}],"replies":[{"embeddable":true,"href":"https:\/\/eldiariodesanpedro.com.ar\/sitio\/wp-json\/wp\/v2\/comments?post=116243"}],"version-history":[{"count":2,"href":"https:\/\/eldiariodesanpedro.com.ar\/sitio\/wp-json\/wp\/v2\/posts\/116243\/revisions"}],"predecessor-version":[{"id":116246,"href":"https:\/\/eldiariodesanpedro.com.ar\/sitio\/wp-json\/wp\/v2\/posts\/116243\/revisions\/116246"}],"wp:featuredmedia":[{"embeddable":true,"href":"https:\/\/eldiariodesanpedro.com.ar\/sitio\/wp-json\/wp\/v2\/media\/54998"}],"wp:attachment":[{"href":"https:\/\/eldiariodesanpedro.com.ar\/sitio\/wp-json\/wp\/v2\/media?parent=116243"}],"wp:term":[{"taxonomy":"category","embeddable":true,"href":"https:\/\/eldiariodesanpedro.com.ar\/sitio\/wp-json\/wp\/v2\/categories?post=116243"},{"taxonomy":"post_tag","embeddable":true,"href":"https:\/\/eldiariodesanpedro.com.ar\/sitio\/wp-json\/wp\/v2\/tags?post=116243"}],"curies":[{"name":"wp","href":"https:\/\/api.w.org\/{rel}","templated":true}]}}