{"id":116228,"date":"2023-03-27T10:57:38","date_gmt":"2023-03-27T13:57:38","guid":{"rendered":"https:\/\/eldiariodesanpedro.com.ar\/sitio\/?p=116228"},"modified":"2023-03-27T10:57:40","modified_gmt":"2023-03-27T13:57:40","slug":"con-importante-convocatoria-se-realizo-este-viernes-la-marcha-por-la-memoria-verdad-y-la-justicia","status":"publish","type":"post","link":"https:\/\/eldiariodesanpedro.com.ar\/sitio\/con-importante-convocatoria-se-realizo-este-viernes-la-marcha-por-la-memoria-verdad-y-la-justicia\/","title":{"rendered":"Con importante convocatoria, se realiz\u00f3 este viernes la marcha por la Memoria, Verdad y la Justicia"},"content":{"rendered":"<!-- VideographyWP Plugin Message: Automatic video embedding prevented by plugin options. -->\n\n<p>En el marco de un nuevo aniversario del golpe de estado de 1976 y, como cada a\u00f1o, la mesa por la Memoria, la Verdad y la Justicia concret\u00f3 actividades en el marco de la Semana de la Memoria.<\/p>\n\n\n\n<p>Comenzaron a las 19.00, en Plaza Belgrano, donde familiares de Liliana Curra descubrieron una baldosa en homenaje a la detenida desaparecida de nuestra ciudad.<\/p>\n\n\n\n<p>La jornada incluy\u00f3 la tradicional marcha bajo la consigna \u00abMemoria, Verdad y Justicia para defender la democracia\u00bb, culminando en el Monumento a los\/as Desaparecidos\/as (en la Plazoleta Fray Cayetano Rodr\u00edguez).<\/p>\n\n\n\n<p>All\u00ed la Mesa por la Memoria, la Verdad y la Justicia dieron lectura al documento elaborado para la fecha.<\/p>\n\n\n\n<p>El acto cont\u00f3 con un cierre musical a cargo de los artistas Majo del Barro, Nico Aulet y Poli Rosales.<\/p>\n\n\n\n<p>En representaci\u00f3n del gobierno municipal, acompa\u00f1aron las actividades, el intendente Dr. Ram\u00f3n Salazar, el secretario de Gobierno Mart\u00edn Baraybar; de Coordinaci\u00f3n, Luciano Arias; de Pol\u00edticas de G\u00e9nero, Mujeres y Diversidad Laura Monfasani; de Salud, Pablo Pichioni; adem\u00e1s de los concejales Juan Cruz Gonz\u00e1lez, Rita Leguizam\u00f3n y Florencia S\u00e1nchez.<\/p>\n\n\n\n<p>El pr\u00f3ximo jueves 30, en tanto, se proyectar\u00e1 la pel\u00edcula argentina \u00ab1985\u00bb, nominada al Oscar. Ser\u00e1 en el Centro Cultural Abelardo Castillo, desde las 19.15, con entrada libre y gratuita.<\/p>\n\n\n\n<figure class=\"wp-block-image size-full\"><img decoding=\"async\" width=\"946\" height=\"630\" data-attachment-id=\"116229\" data-permalink=\"https:\/\/eldiariodesanpedro.com.ar\/sitio\/con-importante-convocatoria-se-realizo-este-viernes-la-marcha-por-la-memoria-verdad-y-la-justicia\/whatsapp-image-2023-03-25-at-14-43-16\/\" data-orig-file=\"https:\/\/eldiariodesanpedro.com.ar\/sitio\/wp-content\/uploads\/2023\/03\/WhatsApp-Image-2023-03-25-at-14.43.16.jpeg\" data-orig-size=\"946,630\" data-comments-opened=\"0\" data-image-meta=\"{&quot;aperture&quot;:&quot;0&quot;,&quot;credit&quot;:&quot;&quot;,&quot;camera&quot;:&quot;&quot;,&quot;caption&quot;:&quot;&quot;,&quot;created_timestamp&quot;:&quot;0&quot;,&quot;copyright&quot;:&quot;&quot;,&quot;focal_length&quot;:&quot;0&quot;,&quot;iso&quot;:&quot;0&quot;,&quot;shutter_speed&quot;:&quot;0&quot;,&quot;title&quot;:&quot;&quot;,&quot;orientation&quot;:&quot;0&quot;}\" data-image-title=\"WhatsApp Image 2023-03-25 at 14.43.16\" data-image-description=\"\" data-image-caption=\"\" data-large-file=\"https:\/\/eldiariodesanpedro.com.ar\/sitio\/wp-content\/uploads\/2023\/03\/WhatsApp-Image-2023-03-25-at-14.43.16.jpeg\" data-src=\"https:\/\/eldiariodesanpedro.com.ar\/sitio\/wp-content\/uploads\/2023\/03\/WhatsApp-Image-2023-03-25-at-14.43.16.jpeg\" alt=\"\" class=\"wp-image-116229 lazyload\" data-srcset=\"https:\/\/eldiariodesanpedro.com.ar\/sitio\/wp-content\/uploads\/2023\/03\/WhatsApp-Image-2023-03-25-at-14.43.16.jpeg 946w, https:\/\/eldiariodesanpedro.com.ar\/sitio\/wp-content\/uploads\/2023\/03\/WhatsApp-Image-2023-03-25-at-14.43.16-300x200.jpeg 300w, https:\/\/eldiariodesanpedro.com.ar\/sitio\/wp-content\/uploads\/2023\/03\/WhatsApp-Image-2023-03-25-at-14.43.16-768x511.jpeg 768w\" data-sizes=\"(max-width: 946px) 100vw, 946px\" src=\"data:image\/svg+xml;base64,PHN2ZyB3aWR0aD0iMSIgaGVpZ2h0PSIxIiB4bWxucz0iaHR0cDovL3d3dy53My5vcmcvMjAwMC9zdmciPjwvc3ZnPg==\" style=\"--smush-placeholder-width: 946px; --smush-placeholder-aspect-ratio: 946\/630;\" \/><\/figure>\n\n\n\n<figure class=\"wp-block-image size-full\"><img decoding=\"async\" width=\"946\" height=\"630\" data-attachment-id=\"116231\" data-permalink=\"https:\/\/eldiariodesanpedro.com.ar\/sitio\/con-importante-convocatoria-se-realizo-este-viernes-la-marcha-por-la-memoria-verdad-y-la-justicia\/whatsapp-image-2023-03-25-at-14-43-18\/\" data-orig-file=\"https:\/\/eldiariodesanpedro.com.ar\/sitio\/wp-content\/uploads\/2023\/03\/WhatsApp-Image-2023-03-25-at-14.43.18.jpeg\" data-orig-size=\"946,630\" data-comments-opened=\"0\" data-image-meta=\"{&quot;aperture&quot;:&quot;0&quot;,&quot;credit&quot;:&quot;&quot;,&quot;camera&quot;:&quot;&quot;,&quot;caption&quot;:&quot;&quot;,&quot;created_timestamp&quot;:&quot;0&quot;,&quot;copyright&quot;:&quot;&quot;,&quot;focal_length&quot;:&quot;0&quot;,&quot;iso&quot;:&quot;0&quot;,&quot;shutter_speed&quot;:&quot;0&quot;,&quot;title&quot;:&quot;&quot;,&quot;orientation&quot;:&quot;0&quot;}\" data-image-title=\"WhatsApp Image 2023-03-25 at 14.43.18\" data-image-description=\"\" data-image-caption=\"\" data-large-file=\"https:\/\/eldiariodesanpedro.com.ar\/sitio\/wp-content\/uploads\/2023\/03\/WhatsApp-Image-2023-03-25-at-14.43.18.jpeg\" data-src=\"https:\/\/eldiariodesanpedro.com.ar\/sitio\/wp-content\/uploads\/2023\/03\/WhatsApp-Image-2023-03-25-at-14.43.18.jpeg\" alt=\"\" class=\"wp-image-116231 lazyload\" data-srcset=\"https:\/\/eldiariodesanpedro.com.ar\/sitio\/wp-content\/uploads\/2023\/03\/WhatsApp-Image-2023-03-25-at-14.43.18.jpeg 946w, https:\/\/eldiariodesanpedro.com.ar\/sitio\/wp-content\/uploads\/2023\/03\/WhatsApp-Image-2023-03-25-at-14.43.18-300x200.jpeg 300w, https:\/\/eldiariodesanpedro.com.ar\/sitio\/wp-content\/uploads\/2023\/03\/WhatsApp-Image-2023-03-25-at-14.43.18-768x511.jpeg 768w\" data-sizes=\"(max-width: 946px) 100vw, 946px\" src=\"data:image\/svg+xml;base64,PHN2ZyB3aWR0aD0iMSIgaGVpZ2h0PSIxIiB4bWxucz0iaHR0cDovL3d3dy53My5vcmcvMjAwMC9zdmciPjwvc3ZnPg==\" style=\"--smush-placeholder-width: 946px; --smush-placeholder-aspect-ratio: 946\/630;\" \/><\/figure>\n\n\n\n<figure class=\"wp-block-image size-full\"><img decoding=\"async\" width=\"946\" height=\"630\" data-attachment-id=\"116234\" data-permalink=\"https:\/\/eldiariodesanpedro.com.ar\/sitio\/con-importante-convocatoria-se-realizo-este-viernes-la-marcha-por-la-memoria-verdad-y-la-justicia\/whatsapp-image-2023-03-25-at-14-43-26\/\" data-orig-file=\"https:\/\/eldiariodesanpedro.com.ar\/sitio\/wp-content\/uploads\/2023\/03\/WhatsApp-Image-2023-03-25-at-14.43.26.jpeg\" data-orig-size=\"946,630\" data-comments-opened=\"0\" data-image-meta=\"{&quot;aperture&quot;:&quot;0&quot;,&quot;credit&quot;:&quot;&quot;,&quot;camera&quot;:&quot;&quot;,&quot;caption&quot;:&quot;&quot;,&quot;created_timestamp&quot;:&quot;0&quot;,&quot;copyright&quot;:&quot;&quot;,&quot;focal_length&quot;:&quot;0&quot;,&quot;iso&quot;:&quot;0&quot;,&quot;shutter_speed&quot;:&quot;0&quot;,&quot;title&quot;:&quot;&quot;,&quot;orientation&quot;:&quot;0&quot;}\" data-image-title=\"WhatsApp Image 2023-03-25 at 14.43.26\" data-image-description=\"\" data-image-caption=\"\" data-large-file=\"https:\/\/eldiariodesanpedro.com.ar\/sitio\/wp-content\/uploads\/2023\/03\/WhatsApp-Image-2023-03-25-at-14.43.26.jpeg\" data-src=\"https:\/\/eldiariodesanpedro.com.ar\/sitio\/wp-content\/uploads\/2023\/03\/WhatsApp-Image-2023-03-25-at-14.43.26.jpeg\" alt=\"\" class=\"wp-image-116234 lazyload\" data-srcset=\"https:\/\/eldiariodesanpedro.com.ar\/sitio\/wp-content\/uploads\/2023\/03\/WhatsApp-Image-2023-03-25-at-14.43.26.jpeg 946w, https:\/\/eldiariodesanpedro.com.ar\/sitio\/wp-content\/uploads\/2023\/03\/WhatsApp-Image-2023-03-25-at-14.43.26-300x200.jpeg 300w, https:\/\/eldiariodesanpedro.com.ar\/sitio\/wp-content\/uploads\/2023\/03\/WhatsApp-Image-2023-03-25-at-14.43.26-768x511.jpeg 768w\" data-sizes=\"(max-width: 946px) 100vw, 946px\" src=\"data:image\/svg+xml;base64,PHN2ZyB3aWR0aD0iMSIgaGVpZ2h0PSIxIiB4bWxucz0iaHR0cDovL3d3dy53My5vcmcvMjAwMC9zdmciPjwvc3ZnPg==\" style=\"--smush-placeholder-width: 946px; --smush-placeholder-aspect-ratio: 946\/630;\" \/><\/figure>\n","protected":false},"excerpt":{"rendered":"<p>En el marco de un nuevo aniversario del golpe de estado de 1976 y, como cada a\u00f1o, la mesa por la Memoria, la Verdad y la Justicia concret\u00f3 actividades en el marco de la Semana de la Memoria. Comenzaron a las 19.00, en Plaza Belgrano, donde familiares de Liliana Curra descubrieron una baldosa en homenaje [&hellip;]<\/p>\n","protected":false},"author":4,"featured_media":116233,"comment_status":"closed","ping_status":"closed","sticky":false,"template":"","format":"standard","meta":{"om_disable_all_campaigns":false,"_jetpack_memberships_contains_paid_content":false,"footnotes":""},"categories":[101,2],"tags":[197,696,33,19],"class_list":["post-116228","post","type-post","status-publish","format-standard","has-post-thumbnail","hentry","category-interes-general-locales","category-locales","tag-buenos-aires","tag-interes-general","tag-locales","tag-san-pedro"],"aioseo_notices":[],"gutentor_comment":0,"jetpack_featured_media_url":"https:\/\/eldiariodesanpedro.com.ar\/sitio\/wp-content\/uploads\/2023\/03\/WhatsApp-Image-2023-03-25-at-14.43.25.jpeg","jetpack_shortlink":"https:\/\/wp.me\/p6RhLt-ueE","jetpack_sharing_enabled":true,"_links":{"self":[{"href":"https:\/\/eldiariodesanpedro.com.ar\/sitio\/wp-json\/wp\/v2\/posts\/116228","targetHints":{"allow":["GET"]}}],"collection":[{"href":"https:\/\/eldiariodesanpedro.com.ar\/sitio\/wp-json\/wp\/v2\/posts"}],"about":[{"href":"https:\/\/eldiariodesanpedro.com.ar\/sitio\/wp-json\/wp\/v2\/types\/post"}],"author":[{"embeddable":true,"href":"https:\/\/eldiariodesanpedro.com.ar\/sitio\/wp-json\/wp\/v2\/users\/4"}],"replies":[{"embeddable":true,"href":"https:\/\/eldiariodesanpedro.com.ar\/sitio\/wp-json\/wp\/v2\/comments?post=116228"}],"version-history":[{"count":1,"href":"https:\/\/eldiariodesanpedro.com.ar\/sitio\/wp-json\/wp\/v2\/posts\/116228\/revisions"}],"predecessor-version":[{"id":116235,"href":"https:\/\/eldiariodesanpedro.com.ar\/sitio\/wp-json\/wp\/v2\/posts\/116228\/revisions\/116235"}],"wp:featuredmedia":[{"embeddable":true,"href":"https:\/\/eldiariodesanpedro.com.ar\/sitio\/wp-json\/wp\/v2\/media\/116233"}],"wp:attachment":[{"href":"https:\/\/eldiariodesanpedro.com.ar\/sitio\/wp-json\/wp\/v2\/media?parent=116228"}],"wp:term":[{"taxonomy":"category","embeddable":true,"href":"https:\/\/eldiariodesanpedro.com.ar\/sitio\/wp-json\/wp\/v2\/categories?post=116228"},{"taxonomy":"post_tag","embeddable":true,"href":"https:\/\/eldiariodesanpedro.com.ar\/sitio\/wp-json\/wp\/v2\/tags?post=116228"}],"curies":[{"name":"wp","href":"https:\/\/api.w.org\/{rel}","templated":true}]}}