{"id":116225,"date":"2023-03-23T18:00:00","date_gmt":"2023-03-23T21:00:00","guid":{"rendered":"https:\/\/eldiariodesanpedro.com.ar\/sitio\/?p=116225"},"modified":"2023-03-23T21:26:43","modified_gmt":"2023-03-24T00:26:43","slug":"primer-llamado-a-concurso-cerrado-de-oposicion-meritos-y-antecedentes-del-ano-2023-para-profesionales-de-la-carrera-profesional-hospitalaria","status":"publish","type":"post","link":"https:\/\/eldiariodesanpedro.com.ar\/sitio\/primer-llamado-a-concurso-cerrado-de-oposicion-meritos-y-antecedentes-del-ano-2023-para-profesionales-de-la-carrera-profesional-hospitalaria\/","title":{"rendered":"Primer llamado a concurso cerrado de oposici\u00f3n, m\u00e9ritos y antecedentes del a\u00f1o 2023, para profesionales de la Carrera Profesional Hospitalaria"},"content":{"rendered":"<!-- VideographyWP Plugin Message: Automatic video embedding prevented by plugin options. -->\n\n<p>Primer llamado a concurso cerrado de oposici\u00f3n, m\u00e9ritos y antecedentes del a\u00f1o 2023, para profesionales de la Carrera Profesional Hospitalaria (Ley 10471) que se desempe\u00f1an en el \u00e1mbito de la Secretar\u00eda de Salud (Centros de Salud, Hospital de Santa Luc\u00eda y Hospital 26 julio de Gobernador Castro) y Hospital Sub Zonal de San Pedro Dr. Emilio Ruffa.<br>A continuaci\u00f3n se detalla el listado correspondiente al Hospital Sub Zonal de San Pedro Dr. Emilio Ruffa:<br>\u2022 Terapia Intensiva (UTI): 1 cargo de 48 hs.<br>\u2022 Pediatr\u00eda: 1 cargo de 36 hs.<br>\u2022 Cirug\u00eda General: 1 cargo de 48 hs.<\/p>\n\n\n\n<p>A continuaci\u00f3n se detalla el listado correspondiente al Hospital de Santa Lucia:<br>\u2022 Terapia Ocupacional: 1 cargo de 36 hs.<\/p>\n\n\n\n<p>A continuaci\u00f3n se detalla el listado correspondiente a los Centros de Salud:<br>\u2022 Medicina General: 1 cargo de 48 hs.<br>\u2022 Toco Ginecolog\u00eda: 1 cargo de 48 hs.<br>\u2022 Medicina Cl\u00ednica: 1 cargo de 36 hs.<br>\u2022 Obstetricia: 1 cargo de 48 hs.<br>\u2022 Trabajadora Social: 1 cargo de 48 hs.<\/p>\n\n\n\n<p>A continuaci\u00f3n se detalla el listado de enfermeros\/as con t\u00edtulo de Licenciatura en Enfermer\u00eda de nivel universitario, correspondiente al Hospital Sub Zonal de San Pedro Dr. Emilio Ruffa:<br>\u2022 Hospital Emilio Ruffa: 2 cargos con 48 hs.<\/p>\n\n\n\n<p>A continuaci\u00f3n se detalla el listado de Licenciados en Instrumentaci\u00f3n Quir\u00fargica de nivel universitario, correspondiente al Hospital Sub Zonal de San Pedro Dr. Emilio Ruffa:<br>\u2022 Hospital Emilio Ruffa: 1 carg\u00f3 con 48 hs.<\/p>\n\n\n\n<p>Los postulantes deber\u00e1n presentar la siguiente documentaci\u00f3n hasta el d\u00eda 31 de marzo del corriente inclusive, en la Secretar\u00eda de Salud, ante el Director de Personal de la Secretar\u00eda el Lic. Augusto Ramos, sin excepci\u00f3n.<br>Curriculum Vitae, fotocopia de DNI, CUIL \/ CUIT, \u00c9tico Profesional vigente, fotocopia de Titulo, Matricula habilitante (Colegio M\u00e9dico Provincia de Buenos Aires Distrito VI), Titulo de Especialidad, &nbsp;Seguro de Responsabilidad Civil, Certificado de antecedentes Penales y Planilla de Incompatibilidad Horaria.<br>Llamado del concurso: Del 03\/04\/2023 al 12\/04\/2023, entre las 9 hs. y 13 hs.<\/p>\n","protected":false},"excerpt":{"rendered":"<p>Primer llamado a concurso cerrado de oposici\u00f3n, m\u00e9ritos y antecedentes del a\u00f1o 2023, para profesionales de la Carrera Profesional Hospitalaria (Ley 10471) que se desempe\u00f1an en el \u00e1mbito de la Secretar\u00eda de Salud (Centros de Salud, Hospital de Santa Luc\u00eda y Hospital 26 julio de Gobernador Castro) y Hospital Sub Zonal de San Pedro Dr. [&hellip;]<\/p>\n","protected":false},"author":4,"featured_media":116226,"comment_status":"closed","ping_status":"closed","sticky":false,"template":"","format":"standard","meta":{"om_disable_all_campaigns":false,"_jetpack_memberships_contains_paid_content":false,"footnotes":""},"categories":[678,676],"tags":[],"class_list":["post-116225","post","type-post","status-publish","format-standard","has-post-thumbnail","hentry","category-convocatorias","category-edictos"],"aioseo_notices":[],"gutentor_comment":0,"jetpack_featured_media_url":"https:\/\/eldiariodesanpedro.com.ar\/sitio\/wp-content\/uploads\/2023\/03\/Secreatria-de-salud-23-03-2023-2.jpg","jetpack_shortlink":"https:\/\/wp.me\/p6RhLt-ueB","jetpack_sharing_enabled":true,"_links":{"self":[{"href":"https:\/\/eldiariodesanpedro.com.ar\/sitio\/wp-json\/wp\/v2\/posts\/116225","targetHints":{"allow":["GET"]}}],"collection":[{"href":"https:\/\/eldiariodesanpedro.com.ar\/sitio\/wp-json\/wp\/v2\/posts"}],"about":[{"href":"https:\/\/eldiariodesanpedro.com.ar\/sitio\/wp-json\/wp\/v2\/types\/post"}],"author":[{"embeddable":true,"href":"https:\/\/eldiariodesanpedro.com.ar\/sitio\/wp-json\/wp\/v2\/users\/4"}],"replies":[{"embeddable":true,"href":"https:\/\/eldiariodesanpedro.com.ar\/sitio\/wp-json\/wp\/v2\/comments?post=116225"}],"version-history":[{"count":1,"href":"https:\/\/eldiariodesanpedro.com.ar\/sitio\/wp-json\/wp\/v2\/posts\/116225\/revisions"}],"predecessor-version":[{"id":116227,"href":"https:\/\/eldiariodesanpedro.com.ar\/sitio\/wp-json\/wp\/v2\/posts\/116225\/revisions\/116227"}],"wp:featuredmedia":[{"embeddable":true,"href":"https:\/\/eldiariodesanpedro.com.ar\/sitio\/wp-json\/wp\/v2\/media\/116226"}],"wp:attachment":[{"href":"https:\/\/eldiariodesanpedro.com.ar\/sitio\/wp-json\/wp\/v2\/media?parent=116225"}],"wp:term":[{"taxonomy":"category","embeddable":true,"href":"https:\/\/eldiariodesanpedro.com.ar\/sitio\/wp-json\/wp\/v2\/categories?post=116225"},{"taxonomy":"post_tag","embeddable":true,"href":"https:\/\/eldiariodesanpedro.com.ar\/sitio\/wp-json\/wp\/v2\/tags?post=116225"}],"curies":[{"name":"wp","href":"https:\/\/api.w.org\/{rel}","templated":true}]}}