{"id":116222,"date":"2023-03-23T18:00:00","date_gmt":"2023-03-23T21:00:00","guid":{"rendered":"https:\/\/eldiariodesanpedro.com.ar\/sitio\/?p=116222"},"modified":"2023-03-23T21:27:55","modified_gmt":"2023-03-24T00:27:55","slug":"llamado-a-concurso-de-jefaturas-en-el-ambito-del-hospital-sub-zonal-de-san-pedro-dr-emilio-ruffa-y-centros-de-salud","status":"publish","type":"post","link":"https:\/\/eldiariodesanpedro.com.ar\/sitio\/llamado-a-concurso-de-jefaturas-en-el-ambito-del-hospital-sub-zonal-de-san-pedro-dr-emilio-ruffa-y-centros-de-salud\/","title":{"rendered":"Llamado a concurso de Jefaturas en el \u00e1mbito del Hospital Sub Zonal de San Pedro Dr. Emilio Ruffa y Centros de Salud"},"content":{"rendered":"<!-- VideographyWP Plugin Message: Automatic video embedding prevented by plugin options. -->\n\n<p class=\"has-text-align-right\">San Pedro, 27 de febrero de 2023<\/p>\n\n\n\n<p>Llamado a concurso de antecedentes y m\u00e9ritos de Jefaturas en el \u00e1mbito del Hospital Sub Zonal de San Pedro Dr. Emilio Ruffa y Centros de Salud, para profesionales de la Carrera Profesional Hospitalaria (Ley 10471).<\/p>\n\n\n\n<p>A continuaci\u00f3n se detalla el listado de jefaturas a concursar:<br>\u2022 Jefatura de Farmacia (Carga horaria 48 hs semanales)<br>\u2022 Jefatura de Unidad Patol\u00f3gica (Carga horaria 48 hs semanales)<br>\u2022 Jefatura de Asistentes Sociales (Carga horaria 48 hs semanales)<\/p>\n\n\n\n<p>Los postulantes deber\u00e1n presentar la siguiente documentaci\u00f3n hasta el d\u00eda 31 de marzo del corriente inclusive, en la Secretaria de Salud, ante el Director de Personal de la Secretaria el Lic. Augusto Ramos, sin excepci\u00f3n.<br>Curriculum Vitae, fotocopia de DNI, CIUL \/ CUIT, \u00c9tico Profesional vigente, fotocopia de Titulo, Matricula habilitante (Colegio M\u00e9dico Provincia de Buenos Aires Distrito VI), Titulo de Especialidad, Seguro de Responsabilidad Civil, Certificado de antecedentes Penales y Planilla de Incompatibilidad Horaria.<br>Llamado del concurso: Del 03\/04\/2023 al 12\/04\/2023, entre las 9 hs. y 13 hs.<\/p>\n","protected":false},"excerpt":{"rendered":"<p>San Pedro, 27 de febrero de 2023 Llamado a concurso de antecedentes y m\u00e9ritos de Jefaturas en el \u00e1mbito del Hospital Sub Zonal de San Pedro Dr. Emilio Ruffa y Centros de Salud, para profesionales de la Carrera Profesional Hospitalaria (Ley 10471). A continuaci\u00f3n se detalla el listado de jefaturas a concursar:\u2022 Jefatura de Farmacia [&hellip;]<\/p>\n","protected":false},"author":4,"featured_media":116223,"comment_status":"closed","ping_status":"closed","sticky":false,"template":"","format":"standard","meta":{"om_disable_all_campaigns":false,"_jetpack_memberships_contains_paid_content":false,"footnotes":""},"categories":[678,676],"tags":[197,696,33,19],"class_list":["post-116222","post","type-post","status-publish","format-standard","has-post-thumbnail","hentry","category-convocatorias","category-edictos","tag-buenos-aires","tag-interes-general","tag-locales","tag-san-pedro"],"aioseo_notices":[],"gutentor_comment":0,"jetpack_featured_media_url":"https:\/\/eldiariodesanpedro.com.ar\/sitio\/wp-content\/uploads\/2023\/03\/Secreatria-de-salud-23-03-2023-1.jpg","jetpack_shortlink":"https:\/\/wp.me\/p6RhLt-uey","jetpack_sharing_enabled":true,"_links":{"self":[{"href":"https:\/\/eldiariodesanpedro.com.ar\/sitio\/wp-json\/wp\/v2\/posts\/116222","targetHints":{"allow":["GET"]}}],"collection":[{"href":"https:\/\/eldiariodesanpedro.com.ar\/sitio\/wp-json\/wp\/v2\/posts"}],"about":[{"href":"https:\/\/eldiariodesanpedro.com.ar\/sitio\/wp-json\/wp\/v2\/types\/post"}],"author":[{"embeddable":true,"href":"https:\/\/eldiariodesanpedro.com.ar\/sitio\/wp-json\/wp\/v2\/users\/4"}],"replies":[{"embeddable":true,"href":"https:\/\/eldiariodesanpedro.com.ar\/sitio\/wp-json\/wp\/v2\/comments?post=116222"}],"version-history":[{"count":1,"href":"https:\/\/eldiariodesanpedro.com.ar\/sitio\/wp-json\/wp\/v2\/posts\/116222\/revisions"}],"predecessor-version":[{"id":116224,"href":"https:\/\/eldiariodesanpedro.com.ar\/sitio\/wp-json\/wp\/v2\/posts\/116222\/revisions\/116224"}],"wp:featuredmedia":[{"embeddable":true,"href":"https:\/\/eldiariodesanpedro.com.ar\/sitio\/wp-json\/wp\/v2\/media\/116223"}],"wp:attachment":[{"href":"https:\/\/eldiariodesanpedro.com.ar\/sitio\/wp-json\/wp\/v2\/media?parent=116222"}],"wp:term":[{"taxonomy":"category","embeddable":true,"href":"https:\/\/eldiariodesanpedro.com.ar\/sitio\/wp-json\/wp\/v2\/categories?post=116222"},{"taxonomy":"post_tag","embeddable":true,"href":"https:\/\/eldiariodesanpedro.com.ar\/sitio\/wp-json\/wp\/v2\/tags?post=116222"}],"curies":[{"name":"wp","href":"https:\/\/api.w.org\/{rel}","templated":true}]}}