{"id":116204,"date":"2023-03-23T17:08:26","date_gmt":"2023-03-23T20:08:26","guid":{"rendered":"https:\/\/eldiariodesanpedro.com.ar\/sitio\/?p=116204"},"modified":"2023-03-23T17:08:28","modified_gmt":"2023-03-23T20:08:28","slug":"la-central-termoelectrica-presento-una-ampliacion-de-su-capacidad-en-la-planta-ubicada-sobre-la-ruta-191","status":"publish","type":"post","link":"https:\/\/eldiariodesanpedro.com.ar\/sitio\/la-central-termoelectrica-presento-una-ampliacion-de-su-capacidad-en-la-planta-ubicada-sobre-la-ruta-191\/","title":{"rendered":"La Central Termoel\u00e9ctrica present\u00f3 una ampliaci\u00f3n de su capacidad en la planta ubicada sobre la Ruta 191"},"content":{"rendered":"<!-- VideographyWP Plugin Message: Automatic video embedding prevented by plugin options. -->\n\n<p>El Intendente Ram\u00f3n Salazar, funcionarios del gabinete municipal y concejales, participaron hoy de una visita y recorrida por la obra denominada \u00abProyecto de Cierre de Ciclo\u00bb de la Central Termoel\u00e9ctrica de San Pedro que, con una inversi\u00f3n de 700 millones de d\u00f3lares se construye en el predio sobre la Ruta 191, para ampliar la capacidad de generaci\u00f3n y reducir los costos de energ\u00eda del pa\u00eds.<\/p>\n\n\n\n<p>La central de San Pedro que fue adjudicada en 2016 comenz\u00f3 a operar en 2018 \u00aba ciclo simple\u00bb y el acto de hoy se convoc\u00f3 para presentar esta etapa de conversi\u00f3n \u00aba Ciclo Combinado\u00bb, que permite proyectar una capacidad de generaci\u00f3n de energ\u00eda de 208.5 MV.<\/p>\n\n\n\n<p>Este proyecto de ampliaci\u00f3n y conversi\u00f3n, con la incorporaci\u00f3n de mayor infraestructura, apunta a llegar a los m\u00e1ximos niveles de generaci\u00f3n de energ\u00eda en diciembre de 2023, volcando el 100% de la capacidad a CAMESA, la compa\u00f1\u00eda argentina encargada de operar el mercado el\u00e9ctrico mayorista de Argentina.<\/p>\n\n\n\n<p>La empresa \u00abSCC Power\u00bb inform\u00f3 que de esta manera se permitir\u00e1 una reducci\u00f3n del 90% en consumo de agua y un incremento en su cantidad de puestos de trabajo, muchos de los cu\u00e1les hoy ya son cubiertos por sampedrinos y sampedrinas.<\/p>\n\n\n\n<p>\u00abInvertir en eficiencia energ\u00e9tica para agregar MW a la capacidad de generaci\u00f3n de energ\u00eda el\u00e9ctrica y al sistema el\u00e9ctrico argentino\u00bb es uno de los eslogans de la empresa que hoy reuni\u00f3 a autoridades de diferentes \u00e1mbitos para compartir sus novedades que representan una importante expectativa de generaci\u00f3n de empleo para la regi\u00f3n y adem\u00e1s un incremento trascendente de la capacidad de respuesta a la demanda de energ\u00eda.<\/p>\n\n\n\n<p>Participaron por la empresa, Ricardo Bernengo Director de Energ\u00eda, Dar\u00edo Beiro L\u00edder de Obras, Luis Rol\u00f3n Responsable de Obra, Hern\u00e1n Oliva Responsable de Seguridad, Higiene y Medio Ambiente y Javier Caballero Gerente de Central T\u00e9rmica General Rojo.<\/p>\n\n\n\n<figure class=\"wp-block-image size-full\"><img decoding=\"async\" width=\"630\" height=\"630\" data-attachment-id=\"116207\" data-permalink=\"https:\/\/eldiariodesanpedro.com.ar\/sitio\/la-central-termoelectrica-presento-una-ampliacion-de-su-capacidad-en-la-planta-ubicada-sobre-la-ruta-191\/whatsapp-image-2023-03-23-at-16-22-27-1\/\" data-orig-file=\"https:\/\/eldiariodesanpedro.com.ar\/sitio\/wp-content\/uploads\/2023\/03\/WhatsApp-Image-2023-03-23-at-16.22.27-1.jpeg\" data-orig-size=\"630,630\" data-comments-opened=\"0\" data-image-meta=\"{&quot;aperture&quot;:&quot;0&quot;,&quot;credit&quot;:&quot;&quot;,&quot;camera&quot;:&quot;&quot;,&quot;caption&quot;:&quot;&quot;,&quot;created_timestamp&quot;:&quot;0&quot;,&quot;copyright&quot;:&quot;&quot;,&quot;focal_length&quot;:&quot;0&quot;,&quot;iso&quot;:&quot;0&quot;,&quot;shutter_speed&quot;:&quot;0&quot;,&quot;title&quot;:&quot;&quot;,&quot;orientation&quot;:&quot;0&quot;}\" data-image-title=\"WhatsApp Image 2023-03-23 at 16.22.27 (1)\" data-image-description=\"\" data-image-caption=\"\" data-large-file=\"https:\/\/eldiariodesanpedro.com.ar\/sitio\/wp-content\/uploads\/2023\/03\/WhatsApp-Image-2023-03-23-at-16.22.27-1.jpeg\" data-src=\"https:\/\/eldiariodesanpedro.com.ar\/sitio\/wp-content\/uploads\/2023\/03\/WhatsApp-Image-2023-03-23-at-16.22.27-1.jpeg\" alt=\"\" class=\"wp-image-116207 lazyload\" data-srcset=\"https:\/\/eldiariodesanpedro.com.ar\/sitio\/wp-content\/uploads\/2023\/03\/WhatsApp-Image-2023-03-23-at-16.22.27-1.jpeg 630w, https:\/\/eldiariodesanpedro.com.ar\/sitio\/wp-content\/uploads\/2023\/03\/WhatsApp-Image-2023-03-23-at-16.22.27-1-300x300.jpeg 300w, https:\/\/eldiariodesanpedro.com.ar\/sitio\/wp-content\/uploads\/2023\/03\/WhatsApp-Image-2023-03-23-at-16.22.27-1-150x150.jpeg 150w\" data-sizes=\"(max-width: 630px) 100vw, 630px\" src=\"data:image\/svg+xml;base64,PHN2ZyB3aWR0aD0iMSIgaGVpZ2h0PSIxIiB4bWxucz0iaHR0cDovL3d3dy53My5vcmcvMjAwMC9zdmciPjwvc3ZnPg==\" style=\"--smush-placeholder-width: 630px; --smush-placeholder-aspect-ratio: 630\/630;\" \/><\/figure>\n\n\n\n<figure class=\"wp-block-image size-full\"><img decoding=\"async\" width=\"946\" height=\"630\" data-attachment-id=\"116205\" data-permalink=\"https:\/\/eldiariodesanpedro.com.ar\/sitio\/la-central-termoelectrica-presento-una-ampliacion-de-su-capacidad-en-la-planta-ubicada-sobre-la-ruta-191\/whatsapp-image-2023-03-23-at-16-22-25\/\" data-orig-file=\"https:\/\/eldiariodesanpedro.com.ar\/sitio\/wp-content\/uploads\/2023\/03\/WhatsApp-Image-2023-03-23-at-16.22.25.jpeg\" data-orig-size=\"946,630\" data-comments-opened=\"0\" data-image-meta=\"{&quot;aperture&quot;:&quot;0&quot;,&quot;credit&quot;:&quot;&quot;,&quot;camera&quot;:&quot;&quot;,&quot;caption&quot;:&quot;&quot;,&quot;created_timestamp&quot;:&quot;0&quot;,&quot;copyright&quot;:&quot;&quot;,&quot;focal_length&quot;:&quot;0&quot;,&quot;iso&quot;:&quot;0&quot;,&quot;shutter_speed&quot;:&quot;0&quot;,&quot;title&quot;:&quot;&quot;,&quot;orientation&quot;:&quot;0&quot;}\" data-image-title=\"WhatsApp Image 2023-03-23 at 16.22.25\" data-image-description=\"\" data-image-caption=\"\" data-large-file=\"https:\/\/eldiariodesanpedro.com.ar\/sitio\/wp-content\/uploads\/2023\/03\/WhatsApp-Image-2023-03-23-at-16.22.25.jpeg\" data-src=\"https:\/\/eldiariodesanpedro.com.ar\/sitio\/wp-content\/uploads\/2023\/03\/WhatsApp-Image-2023-03-23-at-16.22.25.jpeg\" alt=\"\" class=\"wp-image-116205 lazyload\" data-srcset=\"https:\/\/eldiariodesanpedro.com.ar\/sitio\/wp-content\/uploads\/2023\/03\/WhatsApp-Image-2023-03-23-at-16.22.25.jpeg 946w, https:\/\/eldiariodesanpedro.com.ar\/sitio\/wp-content\/uploads\/2023\/03\/WhatsApp-Image-2023-03-23-at-16.22.25-300x200.jpeg 300w, https:\/\/eldiariodesanpedro.com.ar\/sitio\/wp-content\/uploads\/2023\/03\/WhatsApp-Image-2023-03-23-at-16.22.25-768x511.jpeg 768w\" data-sizes=\"(max-width: 946px) 100vw, 946px\" src=\"data:image\/svg+xml;base64,PHN2ZyB3aWR0aD0iMSIgaGVpZ2h0PSIxIiB4bWxucz0iaHR0cDovL3d3dy53My5vcmcvMjAwMC9zdmciPjwvc3ZnPg==\" style=\"--smush-placeholder-width: 946px; --smush-placeholder-aspect-ratio: 946\/630;\" \/><\/figure>\n\n\n\n<figure class=\"wp-block-image size-full\"><img decoding=\"async\" width=\"946\" height=\"630\" data-attachment-id=\"116206\" data-permalink=\"https:\/\/eldiariodesanpedro.com.ar\/sitio\/la-central-termoelectrica-presento-una-ampliacion-de-su-capacidad-en-la-planta-ubicada-sobre-la-ruta-191\/whatsapp-image-2023-03-23-at-16-22-26\/\" data-orig-file=\"https:\/\/eldiariodesanpedro.com.ar\/sitio\/wp-content\/uploads\/2023\/03\/WhatsApp-Image-2023-03-23-at-16.22.26.jpeg\" data-orig-size=\"946,630\" data-comments-opened=\"0\" data-image-meta=\"{&quot;aperture&quot;:&quot;0&quot;,&quot;credit&quot;:&quot;&quot;,&quot;camera&quot;:&quot;&quot;,&quot;caption&quot;:&quot;&quot;,&quot;created_timestamp&quot;:&quot;0&quot;,&quot;copyright&quot;:&quot;&quot;,&quot;focal_length&quot;:&quot;0&quot;,&quot;iso&quot;:&quot;0&quot;,&quot;shutter_speed&quot;:&quot;0&quot;,&quot;title&quot;:&quot;&quot;,&quot;orientation&quot;:&quot;0&quot;}\" data-image-title=\"WhatsApp Image 2023-03-23 at 16.22.26\" data-image-description=\"\" data-image-caption=\"\" data-large-file=\"https:\/\/eldiariodesanpedro.com.ar\/sitio\/wp-content\/uploads\/2023\/03\/WhatsApp-Image-2023-03-23-at-16.22.26.jpeg\" data-src=\"https:\/\/eldiariodesanpedro.com.ar\/sitio\/wp-content\/uploads\/2023\/03\/WhatsApp-Image-2023-03-23-at-16.22.26.jpeg\" alt=\"\" class=\"wp-image-116206 lazyload\" data-srcset=\"https:\/\/eldiariodesanpedro.com.ar\/sitio\/wp-content\/uploads\/2023\/03\/WhatsApp-Image-2023-03-23-at-16.22.26.jpeg 946w, https:\/\/eldiariodesanpedro.com.ar\/sitio\/wp-content\/uploads\/2023\/03\/WhatsApp-Image-2023-03-23-at-16.22.26-300x200.jpeg 300w, https:\/\/eldiariodesanpedro.com.ar\/sitio\/wp-content\/uploads\/2023\/03\/WhatsApp-Image-2023-03-23-at-16.22.26-768x511.jpeg 768w\" data-sizes=\"(max-width: 946px) 100vw, 946px\" src=\"data:image\/svg+xml;base64,PHN2ZyB3aWR0aD0iMSIgaGVpZ2h0PSIxIiB4bWxucz0iaHR0cDovL3d3dy53My5vcmcvMjAwMC9zdmciPjwvc3ZnPg==\" style=\"--smush-placeholder-width: 946px; --smush-placeholder-aspect-ratio: 946\/630;\" \/><\/figure>\n","protected":false},"excerpt":{"rendered":"<p>El Intendente Ram\u00f3n Salazar, funcionarios del gabinete municipal y concejales, participaron hoy de una visita y recorrida por la obra denominada \u00abProyecto de Cierre de Ciclo\u00bb de la Central Termoel\u00e9ctrica de San Pedro que, con una inversi\u00f3n de 700 millones de d\u00f3lares se construye en el predio sobre la Ruta 191, para ampliar la capacidad [&hellip;]<\/p>\n","protected":false},"author":4,"featured_media":116208,"comment_status":"closed","ping_status":"closed","sticky":false,"template":"","format":"standard","meta":{"om_disable_all_campaigns":false,"_jetpack_memberships_contains_paid_content":false,"footnotes":""},"categories":[50,101,2],"tags":[197,696,33,19],"class_list":["post-116204","post","type-post","status-publish","format-standard","has-post-thumbnail","hentry","category-destacadas","category-interes-general-locales","category-locales","tag-buenos-aires","tag-interes-general","tag-locales","tag-san-pedro"],"aioseo_notices":[],"gutentor_comment":0,"jetpack_featured_media_url":"https:\/\/eldiariodesanpedro.com.ar\/sitio\/wp-content\/uploads\/2023\/03\/WhatsApp-Image-2023-03-23-at-16.22.27.jpeg","jetpack_shortlink":"https:\/\/wp.me\/p6RhLt-ueg","jetpack_sharing_enabled":true,"_links":{"self":[{"href":"https:\/\/eldiariodesanpedro.com.ar\/sitio\/wp-json\/wp\/v2\/posts\/116204","targetHints":{"allow":["GET"]}}],"collection":[{"href":"https:\/\/eldiariodesanpedro.com.ar\/sitio\/wp-json\/wp\/v2\/posts"}],"about":[{"href":"https:\/\/eldiariodesanpedro.com.ar\/sitio\/wp-json\/wp\/v2\/types\/post"}],"author":[{"embeddable":true,"href":"https:\/\/eldiariodesanpedro.com.ar\/sitio\/wp-json\/wp\/v2\/users\/4"}],"replies":[{"embeddable":true,"href":"https:\/\/eldiariodesanpedro.com.ar\/sitio\/wp-json\/wp\/v2\/comments?post=116204"}],"version-history":[{"count":1,"href":"https:\/\/eldiariodesanpedro.com.ar\/sitio\/wp-json\/wp\/v2\/posts\/116204\/revisions"}],"predecessor-version":[{"id":116209,"href":"https:\/\/eldiariodesanpedro.com.ar\/sitio\/wp-json\/wp\/v2\/posts\/116204\/revisions\/116209"}],"wp:featuredmedia":[{"embeddable":true,"href":"https:\/\/eldiariodesanpedro.com.ar\/sitio\/wp-json\/wp\/v2\/media\/116208"}],"wp:attachment":[{"href":"https:\/\/eldiariodesanpedro.com.ar\/sitio\/wp-json\/wp\/v2\/media?parent=116204"}],"wp:term":[{"taxonomy":"category","embeddable":true,"href":"https:\/\/eldiariodesanpedro.com.ar\/sitio\/wp-json\/wp\/v2\/categories?post=116204"},{"taxonomy":"post_tag","embeddable":true,"href":"https:\/\/eldiariodesanpedro.com.ar\/sitio\/wp-json\/wp\/v2\/tags?post=116204"}],"curies":[{"name":"wp","href":"https:\/\/api.w.org\/{rel}","templated":true}]}}