{"id":116201,"date":"2023-03-23T16:01:41","date_gmt":"2023-03-23T19:01:41","guid":{"rendered":"https:\/\/eldiariodesanpedro.com.ar\/sitio\/?p=116201"},"modified":"2023-03-23T16:01:43","modified_gmt":"2023-03-23T19:01:43","slug":"viviani-pidio-la-elevacion-a-juicio-de-la-causa-camioneros","status":"publish","type":"post","link":"https:\/\/eldiariodesanpedro.com.ar\/sitio\/viviani-pidio-la-elevacion-a-juicio-de-la-causa-camioneros\/","title":{"rendered":"Viviani pidi\u00f3 la elevaci\u00f3n a juicio de la causa Camioneros"},"content":{"rendered":"<!-- VideographyWP Plugin Message: Automatic video embedding prevented by plugin options. -->\n\n<p>La fiscal de la UFI N\u00b07 Mar\u00eda del Valle Viviani, solicit\u00f3 la elevaci\u00f3n a juicio de la causa Camioneros. La fiscal considera concluida la investigaci\u00f3n y reunida la cantidad de pruebas suficientes.<\/p>\n\n\n\n<p>la fiscal de la causa por extorsi\u00f3n que involucra a Maximiliano Cabaleyro, pidi\u00f3 la elevaci\u00f3n a juicio. Recordemos que Cabaleyro es dirigente del sindicato de Camioneros y concejal del Frente de Todos en uso de licencia.<\/p>\n\n\n\n<p>El pedido ingres\u00f3 el y mi\u00e9rcoles al Juzgado de Garant\u00edas a cargo de la magistrada Maria Eugenia Maiztegui. Luego de lo cual y una vez corrido traslado a la defensa, \u00e9sta tiene 15 d\u00edas para formular oposici\u00f3n. Adem\u00e1s, si la decisi\u00f3n le es adversa puede apelarla. Esto llevar\u00eda a que la concesi\u00f3n o no del pedido de juicio pueda demorar unos meses m\u00e1s.<\/p>\n\n\n\n<p><strong>La causa<\/strong><\/p>\n\n\n\n<p>Tanto Maximiliano Cabaleyro como Fernando Espindola est\u00e1n detenidos desde el 8 de abril pasado, en el marco de un proceso que comenz\u00f3 cuando los propietarios de la empresa Rey Distribuci\u00f3n los denunciaran por \u201cpedir coimas\u201d para \u201cdejarlos trabajar tranquilos\u201d.<\/p>\n\n\n\n<p>Est\u00e1n imputados de Turbaci\u00f3n de la posesi\u00f3n, extorsi\u00f3n, extorsi\u00f3n en grado de tentativa y coacci\u00f3n, y tambi\u00e9n por extorsi\u00f3n por suscripci\u00f3n de documento con efecto jur\u00eddico. Es conocida como Causa Camioneros. Luego de la conclusi\u00f3n y de ser aceptado el pedido se conocer\u00e1 cual ser\u00e1 el tribunal llamado a decidir y la fecha del debate.<\/p>\n\n\n\n<p>Fuente Diario El Norte<\/p>\n","protected":false},"excerpt":{"rendered":"<p>La fiscal de la UFI N\u00b07 Mar\u00eda del Valle Viviani, solicit\u00f3 la elevaci\u00f3n a juicio de la causa Camioneros. La fiscal considera concluida la investigaci\u00f3n y reunida la cantidad de pruebas suficientes. la fiscal de la causa por extorsi\u00f3n que involucra a Maximiliano Cabaleyro, pidi\u00f3 la elevaci\u00f3n a juicio. Recordemos que Cabaleyro es dirigente del [&hellip;]<\/p>\n","protected":false},"author":4,"featured_media":116202,"comment_status":"closed","ping_status":"closed","sticky":false,"template":"","format":"standard","meta":{"om_disable_all_campaigns":false,"_jetpack_memberships_contains_paid_content":false,"footnotes":""},"categories":[50,101,2],"tags":[197,696,33,19],"class_list":["post-116201","post","type-post","status-publish","format-standard","has-post-thumbnail","hentry","category-destacadas","category-interes-general-locales","category-locales","tag-buenos-aires","tag-interes-general","tag-locales","tag-san-pedro"],"aioseo_notices":[],"gutentor_comment":0,"jetpack_featured_media_url":"https:\/\/eldiariodesanpedro.com.ar\/sitio\/wp-content\/uploads\/2023\/03\/0000021715-resized-1920x1080-1.jpg","jetpack_shortlink":"https:\/\/wp.me\/p6RhLt-ued","jetpack_sharing_enabled":true,"_links":{"self":[{"href":"https:\/\/eldiariodesanpedro.com.ar\/sitio\/wp-json\/wp\/v2\/posts\/116201","targetHints":{"allow":["GET"]}}],"collection":[{"href":"https:\/\/eldiariodesanpedro.com.ar\/sitio\/wp-json\/wp\/v2\/posts"}],"about":[{"href":"https:\/\/eldiariodesanpedro.com.ar\/sitio\/wp-json\/wp\/v2\/types\/post"}],"author":[{"embeddable":true,"href":"https:\/\/eldiariodesanpedro.com.ar\/sitio\/wp-json\/wp\/v2\/users\/4"}],"replies":[{"embeddable":true,"href":"https:\/\/eldiariodesanpedro.com.ar\/sitio\/wp-json\/wp\/v2\/comments?post=116201"}],"version-history":[{"count":1,"href":"https:\/\/eldiariodesanpedro.com.ar\/sitio\/wp-json\/wp\/v2\/posts\/116201\/revisions"}],"predecessor-version":[{"id":116203,"href":"https:\/\/eldiariodesanpedro.com.ar\/sitio\/wp-json\/wp\/v2\/posts\/116201\/revisions\/116203"}],"wp:featuredmedia":[{"embeddable":true,"href":"https:\/\/eldiariodesanpedro.com.ar\/sitio\/wp-json\/wp\/v2\/media\/116202"}],"wp:attachment":[{"href":"https:\/\/eldiariodesanpedro.com.ar\/sitio\/wp-json\/wp\/v2\/media?parent=116201"}],"wp:term":[{"taxonomy":"category","embeddable":true,"href":"https:\/\/eldiariodesanpedro.com.ar\/sitio\/wp-json\/wp\/v2\/categories?post=116201"},{"taxonomy":"post_tag","embeddable":true,"href":"https:\/\/eldiariodesanpedro.com.ar\/sitio\/wp-json\/wp\/v2\/tags?post=116201"}],"curies":[{"name":"wp","href":"https:\/\/api.w.org\/{rel}","templated":true}]}}