{"id":116198,"date":"2023-03-23T15:58:14","date_gmt":"2023-03-23T18:58:14","guid":{"rendered":"https:\/\/eldiariodesanpedro.com.ar\/sitio\/?p=116198"},"modified":"2023-03-23T15:58:15","modified_gmt":"2023-03-23T18:58:15","slug":"dictaron-la-prision-domiciliaria-del-chofer-juan-carlos-mendizabal","status":"publish","type":"post","link":"https:\/\/eldiariodesanpedro.com.ar\/sitio\/dictaron-la-prision-domiciliaria-del-chofer-juan-carlos-mendizabal\/","title":{"rendered":"Dictaron la prisi\u00f3n domiciliaria del chofer Juan Carlos Mendizabal"},"content":{"rendered":"<!-- VideographyWP Plugin Message: Automatic video embedding prevented by plugin options. -->\n\n<p>Est\u00e1 acusado de integrar una banda de piratas del asfalto junto al titular de la empresa para quien trabajaba, Gustavo \u201cPescado\u201d Dom\u00ednguez. El camionero acompa\u00f1ar\u00e1 el proceso desde su domicilio y bajo el sistema de seguimiento satelital. La defensa insiste con su inocencia.<\/p>\n\n\n\n<p>Una medida dictada por el juzgado interviniente otorg\u00f3 el arresto domiciliario a Juan Carlos Mendizabal, el chofer de 51 a\u00f1os detenido desde hace poco m\u00e1s de dos meses acusado de integrar una banda de piratas del asfalto que perpetr\u00f3 un hecho en jurisdicci\u00f3n de la localidad de Jun\u00edn.<\/p>\n\n\n\n<p>La decisi\u00f3n judicial fue confirmada por el doctor Jos\u00e9 Blanco, abogado defensor de Mendizabal quien adelant\u00f3 a FM G\u00e9nesis y San Pedro Informa que este mismo mi\u00e9rcoles el acusado regresar\u00e1 a la ciudad y acompa\u00f1ar\u00e1 el proceso desde el domicilio fijado.<\/p>\n\n\n\n<p>El propio Blanco coment\u00f3 que el lunes personal asignado estuvo en el domicilio de Mendizabal realizando todas las tareas previas ya que le ser\u00e1 colocada una pulsera electr\u00f3nica.<\/p>\n\n\n\n<p>Adem\u00e1s, asegur\u00f3 que avanzar\u00e1n en la causa para demostrar la inocencia del chofer al considerar que es totalmente injusto que permanezca detenido. Blanco manifest\u00f3 que Mendizabal realizaba su trabajo diario en la empresa Expreso Hada, que el viaje lo realiz\u00f3 como otros tantos que realizaba a diario con su veh\u00edculo desconociendo otras cuestiones y que es ajeno a todo lo que se le est\u00e1 atribuyendo.<\/p>\n\n\n\n<p>Mendizabal permaneci\u00f3 detenido en este \u00faltimo tiempo en la Comisaria de Ameghino, lugar en donde tambi\u00e9n se encuentra alojado su empleador Gustavo \u201cPescado\u201d Dom\u00ednguez quien a la vez aguarda con expectativa que se haga lugar al pedido de su defensa para que tambi\u00e9n se le otorgue el arresto domiciliario.\u00a0<\/p>\n\n\n\n<p>Fuente: San Pedro Informa<\/p>\n","protected":false},"excerpt":{"rendered":"<p>Est\u00e1 acusado de integrar una banda de piratas del asfalto junto al titular de la empresa para quien trabajaba, Gustavo \u201cPescado\u201d Dom\u00ednguez. El camionero acompa\u00f1ar\u00e1 el proceso desde su domicilio y bajo el sistema de seguimiento satelital. La defensa insiste con su inocencia. Una medida dictada por el juzgado interviniente otorg\u00f3 el arresto domiciliario a [&hellip;]<\/p>\n","protected":false},"author":4,"featured_media":116199,"comment_status":"closed","ping_status":"closed","sticky":false,"template":"","format":"standard","meta":{"om_disable_all_campaigns":false,"_jetpack_memberships_contains_paid_content":false,"footnotes":""},"categories":[50,2,103],"tags":[197,696,33,19],"class_list":["post-116198","post","type-post","status-publish","format-standard","has-post-thumbnail","hentry","category-destacadas","category-locales","category-policiales-locales","tag-buenos-aires","tag-interes-general","tag-locales","tag-san-pedro"],"aioseo_notices":[],"gutentor_comment":0,"jetpack_featured_media_url":"https:\/\/eldiariodesanpedro.com.ar\/sitio\/wp-content\/uploads\/2023\/03\/0000021712-resized-1920x1080-1.jpg","jetpack_shortlink":"https:\/\/wp.me\/p6RhLt-uea","jetpack_sharing_enabled":true,"_links":{"self":[{"href":"https:\/\/eldiariodesanpedro.com.ar\/sitio\/wp-json\/wp\/v2\/posts\/116198","targetHints":{"allow":["GET"]}}],"collection":[{"href":"https:\/\/eldiariodesanpedro.com.ar\/sitio\/wp-json\/wp\/v2\/posts"}],"about":[{"href":"https:\/\/eldiariodesanpedro.com.ar\/sitio\/wp-json\/wp\/v2\/types\/post"}],"author":[{"embeddable":true,"href":"https:\/\/eldiariodesanpedro.com.ar\/sitio\/wp-json\/wp\/v2\/users\/4"}],"replies":[{"embeddable":true,"href":"https:\/\/eldiariodesanpedro.com.ar\/sitio\/wp-json\/wp\/v2\/comments?post=116198"}],"version-history":[{"count":1,"href":"https:\/\/eldiariodesanpedro.com.ar\/sitio\/wp-json\/wp\/v2\/posts\/116198\/revisions"}],"predecessor-version":[{"id":116200,"href":"https:\/\/eldiariodesanpedro.com.ar\/sitio\/wp-json\/wp\/v2\/posts\/116198\/revisions\/116200"}],"wp:featuredmedia":[{"embeddable":true,"href":"https:\/\/eldiariodesanpedro.com.ar\/sitio\/wp-json\/wp\/v2\/media\/116199"}],"wp:attachment":[{"href":"https:\/\/eldiariodesanpedro.com.ar\/sitio\/wp-json\/wp\/v2\/media?parent=116198"}],"wp:term":[{"taxonomy":"category","embeddable":true,"href":"https:\/\/eldiariodesanpedro.com.ar\/sitio\/wp-json\/wp\/v2\/categories?post=116198"},{"taxonomy":"post_tag","embeddable":true,"href":"https:\/\/eldiariodesanpedro.com.ar\/sitio\/wp-json\/wp\/v2\/tags?post=116198"}],"curies":[{"name":"wp","href":"https:\/\/api.w.org\/{rel}","templated":true}]}}