{"id":116185,"date":"2023-03-23T14:28:13","date_gmt":"2023-03-23T17:28:13","guid":{"rendered":"https:\/\/eldiariodesanpedro.com.ar\/sitio\/?p=116185"},"modified":"2023-03-23T14:28:15","modified_gmt":"2023-03-23T17:28:15","slug":"la-policia-recupero-herramientas-que-le-robaron-a-un-mecanico","status":"publish","type":"post","link":"https:\/\/eldiariodesanpedro.com.ar\/sitio\/la-policia-recupero-herramientas-que-le-robaron-a-un-mecanico\/","title":{"rendered":"La polic\u00eda recupero herramientas que le robaron a un mec\u00e1nico"},"content":{"rendered":"<!-- VideographyWP Plugin Message: Automatic video embedding prevented by plugin options. -->\n\n<p>El personal policial del grupo especial GTO tras tareas investigativas en calle Fray Cayetano Rodr\u00edguez y Mateo Sbert, procede al secuestro de herramientas de mano las cuales hab\u00edan sido sustra\u00edda instantes previos de calle Independencia al 900, propiedad de un masculino de 64 a\u00f1os de edad. Interviene UFI N\u00b0 05.-<\/p>\n","protected":false},"excerpt":{"rendered":"<p>El personal policial del grupo especial GTO tras tareas investigativas en calle Fray Cayetano Rodr\u00edguez y Mateo Sbert, procede al secuestro de herramientas de mano las cuales hab\u00edan sido sustra\u00edda instantes previos de calle Independencia al 900, propiedad de un masculino de 64 a\u00f1os de edad. Interviene UFI N\u00b0 05.-<\/p>\n","protected":false},"author":4,"featured_media":116186,"comment_status":"closed","ping_status":"closed","sticky":false,"template":"","format":"standard","meta":{"om_disable_all_campaigns":false,"_jetpack_memberships_contains_paid_content":false,"footnotes":""},"categories":[2,103],"tags":[197,33,95,19],"class_list":["post-116185","post","type-post","status-publish","format-standard","has-post-thumbnail","hentry","category-locales","category-policiales-locales","tag-buenos-aires","tag-locales","tag-policiales","tag-san-pedro"],"aioseo_notices":[],"gutentor_comment":0,"jetpack_featured_media_url":"https:\/\/eldiariodesanpedro.com.ar\/sitio\/wp-content\/uploads\/2023\/03\/1-2.jpg","jetpack_shortlink":"https:\/\/wp.me\/p6RhLt-udX","jetpack_sharing_enabled":true,"_links":{"self":[{"href":"https:\/\/eldiariodesanpedro.com.ar\/sitio\/wp-json\/wp\/v2\/posts\/116185","targetHints":{"allow":["GET"]}}],"collection":[{"href":"https:\/\/eldiariodesanpedro.com.ar\/sitio\/wp-json\/wp\/v2\/posts"}],"about":[{"href":"https:\/\/eldiariodesanpedro.com.ar\/sitio\/wp-json\/wp\/v2\/types\/post"}],"author":[{"embeddable":true,"href":"https:\/\/eldiariodesanpedro.com.ar\/sitio\/wp-json\/wp\/v2\/users\/4"}],"replies":[{"embeddable":true,"href":"https:\/\/eldiariodesanpedro.com.ar\/sitio\/wp-json\/wp\/v2\/comments?post=116185"}],"version-history":[{"count":1,"href":"https:\/\/eldiariodesanpedro.com.ar\/sitio\/wp-json\/wp\/v2\/posts\/116185\/revisions"}],"predecessor-version":[{"id":116187,"href":"https:\/\/eldiariodesanpedro.com.ar\/sitio\/wp-json\/wp\/v2\/posts\/116185\/revisions\/116187"}],"wp:featuredmedia":[{"embeddable":true,"href":"https:\/\/eldiariodesanpedro.com.ar\/sitio\/wp-json\/wp\/v2\/media\/116186"}],"wp:attachment":[{"href":"https:\/\/eldiariodesanpedro.com.ar\/sitio\/wp-json\/wp\/v2\/media?parent=116185"}],"wp:term":[{"taxonomy":"category","embeddable":true,"href":"https:\/\/eldiariodesanpedro.com.ar\/sitio\/wp-json\/wp\/v2\/categories?post=116185"},{"taxonomy":"post_tag","embeddable":true,"href":"https:\/\/eldiariodesanpedro.com.ar\/sitio\/wp-json\/wp\/v2\/tags?post=116185"}],"curies":[{"name":"wp","href":"https:\/\/api.w.org\/{rel}","templated":true}]}}