{"id":116181,"date":"2023-03-23T14:09:15","date_gmt":"2023-03-23T17:09:15","guid":{"rendered":"https:\/\/eldiariodesanpedro.com.ar\/sitio\/?p=116181"},"modified":"2023-03-23T14:09:16","modified_gmt":"2023-03-23T17:09:16","slug":"la-municipalidad-acompana-las-actividades-de-la-mesa-por-la-memoria-la-verdad-y-la-justicia-en-san-pedro","status":"publish","type":"post","link":"https:\/\/eldiariodesanpedro.com.ar\/sitio\/la-municipalidad-acompana-las-actividades-de-la-mesa-por-la-memoria-la-verdad-y-la-justicia-en-san-pedro\/","title":{"rendered":"La Municipalidad acompa\u00f1a las actividades de la Mesa por la Memoria, la Verdad y la Justicia en San Pedro"},"content":{"rendered":"<!-- VideographyWP Plugin Message: Automatic video embedding prevented by plugin options. -->\n\n<p>Este viernes 24 de marzo se conmemora un nuevo aniversario del golpe de estado de 1976 y, como cada a\u00f1o, la mesa por la Memoria, la Verdad y la Justicia concretar\u00e1 actividades en el marco de la Semana de la Memoria.<\/p>\n\n\n\n<p>Inicialmente estaba previsto para este jueves 23 la proyecci\u00f3n de la pel\u00edcula argentina nominada al Oscar, 1985, aunque, debido a las condiciones clim\u00e1ticas, la actividad fue reprogramada para el jueves 30, a las 19.15, en el Centro Cultural Abelardo Castillo.<\/p>\n\n\n\n<p>Este viernes 24, en tanto, se concretar\u00e1 el emplazamiento de una baldosa en homenaje a Liliana Curra, detenida desaparecida de nuestra ciudad. La actividad est\u00e1 prevista para las 19.00 en Plaza Belgrano.<\/p>\n\n\n\n<p>A las 20.00, por \u00faltimo, desde la plaza, partir\u00e1 la tradicional marcha bajo la consigna \u00abMemoria, Verdad y Justicia para defender la democracia\u00bb. La misma culminar\u00e1 en el Monumento a los\/as Desaparecidos\/as (en la Plazoleta Fray Cayetano Rodr\u00edguez) donde se dar\u00e1 lectura al documento elaborado por la Mesa por la Memoria, la Verdad y la Justicia de nuestra ciudad.<\/p>\n\n\n\n<p>La jornada incluir\u00e1 un cierre musical a cargo de los artistas Majo del Barro y Nico Aulet.<\/p>\n\n\n\n<figure class=\"wp-block-image size-full\"><img decoding=\"async\" width=\"752\" height=\"630\" data-attachment-id=\"116182\" data-permalink=\"https:\/\/eldiariodesanpedro.com.ar\/sitio\/la-municipalidad-acompana-las-actividades-de-la-mesa-por-la-memoria-la-verdad-y-la-justicia-en-san-pedro\/whatsapp-image-2023-03-23-at-09-16-27\/\" data-orig-file=\"https:\/\/eldiariodesanpedro.com.ar\/sitio\/wp-content\/uploads\/2023\/03\/WhatsApp-Image-2023-03-23-at-09.16.27.jpeg\" data-orig-size=\"752,630\" data-comments-opened=\"0\" data-image-meta=\"{&quot;aperture&quot;:&quot;0&quot;,&quot;credit&quot;:&quot;&quot;,&quot;camera&quot;:&quot;&quot;,&quot;caption&quot;:&quot;&quot;,&quot;created_timestamp&quot;:&quot;0&quot;,&quot;copyright&quot;:&quot;&quot;,&quot;focal_length&quot;:&quot;0&quot;,&quot;iso&quot;:&quot;0&quot;,&quot;shutter_speed&quot;:&quot;0&quot;,&quot;title&quot;:&quot;&quot;,&quot;orientation&quot;:&quot;0&quot;}\" data-image-title=\"WhatsApp-Image-2023-03-23-at-09.16.27\" data-image-description=\"\" data-image-caption=\"\" data-large-file=\"https:\/\/eldiariodesanpedro.com.ar\/sitio\/wp-content\/uploads\/2023\/03\/WhatsApp-Image-2023-03-23-at-09.16.27.jpeg\" data-src=\"https:\/\/eldiariodesanpedro.com.ar\/sitio\/wp-content\/uploads\/2023\/03\/WhatsApp-Image-2023-03-23-at-09.16.27.jpeg\" alt=\"\" class=\"wp-image-116182 lazyload\" data-srcset=\"https:\/\/eldiariodesanpedro.com.ar\/sitio\/wp-content\/uploads\/2023\/03\/WhatsApp-Image-2023-03-23-at-09.16.27.jpeg 752w, https:\/\/eldiariodesanpedro.com.ar\/sitio\/wp-content\/uploads\/2023\/03\/WhatsApp-Image-2023-03-23-at-09.16.27-300x251.jpeg 300w\" data-sizes=\"(max-width: 752px) 100vw, 752px\" src=\"data:image\/svg+xml;base64,PHN2ZyB3aWR0aD0iMSIgaGVpZ2h0PSIxIiB4bWxucz0iaHR0cDovL3d3dy53My5vcmcvMjAwMC9zdmciPjwvc3ZnPg==\" style=\"--smush-placeholder-width: 752px; --smush-placeholder-aspect-ratio: 752\/630;\" \/><\/figure>\n","protected":false},"excerpt":{"rendered":"<p>Este viernes 24 de marzo se conmemora un nuevo aniversario del golpe de estado de 1976 y, como cada a\u00f1o, la mesa por la Memoria, la Verdad y la Justicia concretar\u00e1 actividades en el marco de la Semana de la Memoria. Inicialmente estaba previsto para este jueves 23 la proyecci\u00f3n de la pel\u00edcula argentina nominada [&hellip;]<\/p>\n","protected":false},"author":4,"featured_media":116183,"comment_status":"closed","ping_status":"closed","sticky":false,"template":"","format":"standard","meta":{"om_disable_all_campaigns":false,"_jetpack_memberships_contains_paid_content":false,"footnotes":""},"categories":[101,2],"tags":[197,696,33,19],"class_list":["post-116181","post","type-post","status-publish","format-standard","has-post-thumbnail","hentry","category-interes-general-locales","category-locales","tag-buenos-aires","tag-interes-general","tag-locales","tag-san-pedro"],"aioseo_notices":[],"gutentor_comment":0,"jetpack_featured_media_url":"https:\/\/eldiariodesanpedro.com.ar\/sitio\/wp-content\/uploads\/2023\/03\/273601154_316060247215904_5915184632000605502_n.jpg","jetpack_shortlink":"https:\/\/wp.me\/p6RhLt-udT","jetpack_sharing_enabled":true,"_links":{"self":[{"href":"https:\/\/eldiariodesanpedro.com.ar\/sitio\/wp-json\/wp\/v2\/posts\/116181","targetHints":{"allow":["GET"]}}],"collection":[{"href":"https:\/\/eldiariodesanpedro.com.ar\/sitio\/wp-json\/wp\/v2\/posts"}],"about":[{"href":"https:\/\/eldiariodesanpedro.com.ar\/sitio\/wp-json\/wp\/v2\/types\/post"}],"author":[{"embeddable":true,"href":"https:\/\/eldiariodesanpedro.com.ar\/sitio\/wp-json\/wp\/v2\/users\/4"}],"replies":[{"embeddable":true,"href":"https:\/\/eldiariodesanpedro.com.ar\/sitio\/wp-json\/wp\/v2\/comments?post=116181"}],"version-history":[{"count":1,"href":"https:\/\/eldiariodesanpedro.com.ar\/sitio\/wp-json\/wp\/v2\/posts\/116181\/revisions"}],"predecessor-version":[{"id":116184,"href":"https:\/\/eldiariodesanpedro.com.ar\/sitio\/wp-json\/wp\/v2\/posts\/116181\/revisions\/116184"}],"wp:featuredmedia":[{"embeddable":true,"href":"https:\/\/eldiariodesanpedro.com.ar\/sitio\/wp-json\/wp\/v2\/media\/116183"}],"wp:attachment":[{"href":"https:\/\/eldiariodesanpedro.com.ar\/sitio\/wp-json\/wp\/v2\/media?parent=116181"}],"wp:term":[{"taxonomy":"category","embeddable":true,"href":"https:\/\/eldiariodesanpedro.com.ar\/sitio\/wp-json\/wp\/v2\/categories?post=116181"},{"taxonomy":"post_tag","embeddable":true,"href":"https:\/\/eldiariodesanpedro.com.ar\/sitio\/wp-json\/wp\/v2\/tags?post=116181"}],"curies":[{"name":"wp","href":"https:\/\/api.w.org\/{rel}","templated":true}]}}