{"id":116175,"date":"2023-03-23T13:40:04","date_gmt":"2023-03-23T16:40:04","guid":{"rendered":"https:\/\/eldiariodesanpedro.com.ar\/sitio\/?p=116175"},"modified":"2023-03-23T13:40:06","modified_gmt":"2023-03-23T16:40:06","slug":"prorroga-por-90-dias-del-plan-de-facilidades-con-quita-del-90-de-intereses-al-contado-y-hasta-24-cuotas","status":"publish","type":"post","link":"https:\/\/eldiariodesanpedro.com.ar\/sitio\/prorroga-por-90-dias-del-plan-de-facilidades-con-quita-del-90-de-intereses-al-contado-y-hasta-24-cuotas\/","title":{"rendered":"Pr\u00f3rroga por 90 d\u00edas del Plan de Facilidades con quita del 90% de intereses al contado y hasta 24 cuotas"},"content":{"rendered":"<!-- VideographyWP Plugin Message: Automatic video embedding prevented by plugin options. -->\n\n<p>La Direcci\u00f3n de Rentas de la Municipalidad de San Pedro informa que se ha dispuesto una extensi\u00f3n por 90 d\u00edas, para el plan de facilidades habilitado regularizar las tasas de Alumbrado Barrido y Limpieza, Servicios Sanitarios, Red Vial, Seguridad e Higiene y Publicidad y Propaganda.<\/p>\n\n\n\n<p>Las condiciones actualmente vigentes ofrecen una quita del 90% de intereses para pagos al contado o financiaci\u00f3n hasta en 24 cuotas. Para realizar el tr\u00e1mite y obtener mayor informaci\u00f3n se pueden dirigir a la Direcci\u00f3n de Rentas en Pellegrini 150 de lunes a viernes de 7 a 14 o ingresar en www.sanpedro.gob.ar.<\/p>\n\n\n\n<p>Adem\u00e1s pr\u00f3ximamente se anunciar\u00e1 una nueva visita a las delegaciones de las localidades para facilitar la gesti\u00f3n de quienes deseen adherirse desde all\u00ed.<\/p>\n\n\n\n<figure class=\"wp-block-image size-full\"><img decoding=\"async\" width=\"630\" height=\"630\" data-attachment-id=\"116176\" data-permalink=\"https:\/\/eldiariodesanpedro.com.ar\/sitio\/prorroga-por-90-dias-del-plan-de-facilidades-con-quita-del-90-de-intereses-al-contado-y-hasta-24-cuotas\/whatsapp-image-2023-03-23-at-07-37-32\/\" data-orig-file=\"https:\/\/eldiariodesanpedro.com.ar\/sitio\/wp-content\/uploads\/2023\/03\/WhatsApp-Image-2023-03-23-at-07.37.32.jpeg\" data-orig-size=\"630,630\" data-comments-opened=\"0\" data-image-meta=\"{&quot;aperture&quot;:&quot;0&quot;,&quot;credit&quot;:&quot;&quot;,&quot;camera&quot;:&quot;&quot;,&quot;caption&quot;:&quot;&quot;,&quot;created_timestamp&quot;:&quot;0&quot;,&quot;copyright&quot;:&quot;&quot;,&quot;focal_length&quot;:&quot;0&quot;,&quot;iso&quot;:&quot;0&quot;,&quot;shutter_speed&quot;:&quot;0&quot;,&quot;title&quot;:&quot;&quot;,&quot;orientation&quot;:&quot;0&quot;}\" data-image-title=\"WhatsApp-Image-2023-03-23-at-07.37.32\" data-image-description=\"\" data-image-caption=\"\" data-large-file=\"https:\/\/eldiariodesanpedro.com.ar\/sitio\/wp-content\/uploads\/2023\/03\/WhatsApp-Image-2023-03-23-at-07.37.32.jpeg\" data-src=\"https:\/\/eldiariodesanpedro.com.ar\/sitio\/wp-content\/uploads\/2023\/03\/WhatsApp-Image-2023-03-23-at-07.37.32.jpeg\" alt=\"\" class=\"wp-image-116176 lazyload\" data-srcset=\"https:\/\/eldiariodesanpedro.com.ar\/sitio\/wp-content\/uploads\/2023\/03\/WhatsApp-Image-2023-03-23-at-07.37.32.jpeg 630w, https:\/\/eldiariodesanpedro.com.ar\/sitio\/wp-content\/uploads\/2023\/03\/WhatsApp-Image-2023-03-23-at-07.37.32-300x300.jpeg 300w, https:\/\/eldiariodesanpedro.com.ar\/sitio\/wp-content\/uploads\/2023\/03\/WhatsApp-Image-2023-03-23-at-07.37.32-150x150.jpeg 150w\" data-sizes=\"(max-width: 630px) 100vw, 630px\" src=\"data:image\/svg+xml;base64,PHN2ZyB3aWR0aD0iMSIgaGVpZ2h0PSIxIiB4bWxucz0iaHR0cDovL3d3dy53My5vcmcvMjAwMC9zdmciPjwvc3ZnPg==\" style=\"--smush-placeholder-width: 630px; --smush-placeholder-aspect-ratio: 630\/630;\" \/><\/figure>\n","protected":false},"excerpt":{"rendered":"<p>La Direcci\u00f3n de Rentas de la Municipalidad de San Pedro informa que se ha dispuesto una extensi\u00f3n por 90 d\u00edas, para el plan de facilidades habilitado regularizar las tasas de Alumbrado Barrido y Limpieza, Servicios Sanitarios, Red Vial, Seguridad e Higiene y Publicidad y Propaganda. Las condiciones actualmente vigentes ofrecen una quita del 90% de [&hellip;]<\/p>\n","protected":false},"author":4,"featured_media":102760,"comment_status":"closed","ping_status":"closed","sticky":false,"template":"","format":"standard","meta":{"om_disable_all_campaigns":false,"_jetpack_memberships_contains_paid_content":false,"footnotes":""},"categories":[101,2],"tags":[197,696,33,19],"class_list":["post-116175","post","type-post","status-publish","format-standard","has-post-thumbnail","hentry","category-interes-general-locales","category-locales","tag-buenos-aires","tag-interes-general","tag-locales","tag-san-pedro"],"aioseo_notices":[],"gutentor_comment":0,"jetpack_featured_media_url":"https:\/\/eldiariodesanpedro.com.ar\/sitio\/wp-content\/uploads\/2022\/01\/Municipalidad-e1422657513131.jpg","jetpack_shortlink":"https:\/\/wp.me\/p6RhLt-udN","jetpack_sharing_enabled":true,"_links":{"self":[{"href":"https:\/\/eldiariodesanpedro.com.ar\/sitio\/wp-json\/wp\/v2\/posts\/116175","targetHints":{"allow":["GET"]}}],"collection":[{"href":"https:\/\/eldiariodesanpedro.com.ar\/sitio\/wp-json\/wp\/v2\/posts"}],"about":[{"href":"https:\/\/eldiariodesanpedro.com.ar\/sitio\/wp-json\/wp\/v2\/types\/post"}],"author":[{"embeddable":true,"href":"https:\/\/eldiariodesanpedro.com.ar\/sitio\/wp-json\/wp\/v2\/users\/4"}],"replies":[{"embeddable":true,"href":"https:\/\/eldiariodesanpedro.com.ar\/sitio\/wp-json\/wp\/v2\/comments?post=116175"}],"version-history":[{"count":1,"href":"https:\/\/eldiariodesanpedro.com.ar\/sitio\/wp-json\/wp\/v2\/posts\/116175\/revisions"}],"predecessor-version":[{"id":116177,"href":"https:\/\/eldiariodesanpedro.com.ar\/sitio\/wp-json\/wp\/v2\/posts\/116175\/revisions\/116177"}],"wp:featuredmedia":[{"embeddable":true,"href":"https:\/\/eldiariodesanpedro.com.ar\/sitio\/wp-json\/wp\/v2\/media\/102760"}],"wp:attachment":[{"href":"https:\/\/eldiariodesanpedro.com.ar\/sitio\/wp-json\/wp\/v2\/media?parent=116175"}],"wp:term":[{"taxonomy":"category","embeddable":true,"href":"https:\/\/eldiariodesanpedro.com.ar\/sitio\/wp-json\/wp\/v2\/categories?post=116175"},{"taxonomy":"post_tag","embeddable":true,"href":"https:\/\/eldiariodesanpedro.com.ar\/sitio\/wp-json\/wp\/v2\/tags?post=116175"}],"curies":[{"name":"wp","href":"https:\/\/api.w.org\/{rel}","templated":true}]}}