{"id":116172,"date":"2023-03-23T13:25:25","date_gmt":"2023-03-23T16:25:25","guid":{"rendered":"https:\/\/eldiariodesanpedro.com.ar\/sitio\/?p=116172"},"modified":"2023-03-23T13:25:26","modified_gmt":"2023-03-23T16:25:26","slug":"reunion-con-autoridades-del-club-de-rugby-tiro-federal","status":"publish","type":"post","link":"https:\/\/eldiariodesanpedro.com.ar\/sitio\/reunion-con-autoridades-del-club-de-rugby-tiro-federal\/","title":{"rendered":"Reuni\u00f3n con autoridades del Club de Rugby Tiro Federal"},"content":{"rendered":"<!-- VideographyWP Plugin Message: Automatic video embedding prevented by plugin options. -->\n\n<p>Con el prop\u00f3sito de seguir acompa\u00f1ando y fortaleciendo a los clubes de San Pedro que re\u00fanen a j\u00f3venes y adultos para practicar deportes, el Intendente Dr. Ram\u00f3n Salazar y el Secretario de Obras Planeamiento y Catastro Dr. Javier Silva y el Director de Deportes Profesor Mariano Arnal, recibieron a Diego Almada y Mario P\u00e9rez, integrantes de la Comisi\u00f3n Directiva del Club de Rugby \u00abTiro Federal\u00bb, que hace pocos d\u00edas cumpli\u00f3 125 a\u00f1os.<\/p>\n\n\n\n<p>El encuentro fue convocado para dialogar sobre la actualidad del Club que convoca a cientos de deportistas en sus diferentes categor\u00edas, y comenzar a trabajar en las caracter\u00edsticas de un convenio para regularizar el uso del hist\u00f3rico predio, en el que cuentan con sus instalaciones.<\/p>\n\n\n\n<p>El objetivo es establecer un per\u00edodo determinado para tal cesi\u00f3n, con opci\u00f3n a una pr\u00f3rroga y la intenci\u00f3n de compartir iniciativas para toda la comunidad a trav\u00e9s de la Direcci\u00f3n de Deportes contando con ese espacio para la planificaci\u00f3n de actividades.<\/p>\n\n\n\n<p>Con varias ideas que fueron planteadas en la charla se elaborar\u00e1 una propuesta que pr\u00f3ximamente ser\u00e1 analizada para darle el formato institucional y el tratamiento que un proyecto de estas caracter\u00edsticas requiere.<\/p>\n","protected":false},"excerpt":{"rendered":"<p>Con el prop\u00f3sito de seguir acompa\u00f1ando y fortaleciendo a los clubes de San Pedro que re\u00fanen a j\u00f3venes y adultos para practicar deportes, el Intendente Dr. Ram\u00f3n Salazar y el Secretario de Obras Planeamiento y Catastro Dr. Javier Silva y el Director de Deportes Profesor Mariano Arnal, recibieron a Diego Almada y Mario P\u00e9rez, integrantes [&hellip;]<\/p>\n","protected":false},"author":4,"featured_media":116173,"comment_status":"closed","ping_status":"closed","sticky":false,"template":"","format":"standard","meta":{"om_disable_all_campaigns":false,"_jetpack_memberships_contains_paid_content":false,"footnotes":""},"categories":[50,101,2],"tags":[197,33,19],"class_list":["post-116172","post","type-post","status-publish","format-standard","has-post-thumbnail","hentry","category-destacadas","category-interes-general-locales","category-locales","tag-buenos-aires","tag-locales","tag-san-pedro"],"aioseo_notices":[],"gutentor_comment":0,"jetpack_featured_media_url":"https:\/\/eldiariodesanpedro.com.ar\/sitio\/wp-content\/uploads\/2023\/03\/WhatsApp-Image-2023-03-23-at-07.25.21.jpeg","jetpack_shortlink":"https:\/\/wp.me\/p6RhLt-udK","jetpack_sharing_enabled":true,"_links":{"self":[{"href":"https:\/\/eldiariodesanpedro.com.ar\/sitio\/wp-json\/wp\/v2\/posts\/116172","targetHints":{"allow":["GET"]}}],"collection":[{"href":"https:\/\/eldiariodesanpedro.com.ar\/sitio\/wp-json\/wp\/v2\/posts"}],"about":[{"href":"https:\/\/eldiariodesanpedro.com.ar\/sitio\/wp-json\/wp\/v2\/types\/post"}],"author":[{"embeddable":true,"href":"https:\/\/eldiariodesanpedro.com.ar\/sitio\/wp-json\/wp\/v2\/users\/4"}],"replies":[{"embeddable":true,"href":"https:\/\/eldiariodesanpedro.com.ar\/sitio\/wp-json\/wp\/v2\/comments?post=116172"}],"version-history":[{"count":1,"href":"https:\/\/eldiariodesanpedro.com.ar\/sitio\/wp-json\/wp\/v2\/posts\/116172\/revisions"}],"predecessor-version":[{"id":116174,"href":"https:\/\/eldiariodesanpedro.com.ar\/sitio\/wp-json\/wp\/v2\/posts\/116172\/revisions\/116174"}],"wp:featuredmedia":[{"embeddable":true,"href":"https:\/\/eldiariodesanpedro.com.ar\/sitio\/wp-json\/wp\/v2\/media\/116173"}],"wp:attachment":[{"href":"https:\/\/eldiariodesanpedro.com.ar\/sitio\/wp-json\/wp\/v2\/media?parent=116172"}],"wp:term":[{"taxonomy":"category","embeddable":true,"href":"https:\/\/eldiariodesanpedro.com.ar\/sitio\/wp-json\/wp\/v2\/categories?post=116172"},{"taxonomy":"post_tag","embeddable":true,"href":"https:\/\/eldiariodesanpedro.com.ar\/sitio\/wp-json\/wp\/v2\/tags?post=116172"}],"curies":[{"name":"wp","href":"https:\/\/api.w.org\/{rel}","templated":true}]}}