{"id":116145,"date":"2023-03-22T14:27:03","date_gmt":"2023-03-22T17:27:03","guid":{"rendered":"https:\/\/eldiariodesanpedro.com.ar\/sitio\/?p=116145"},"modified":"2023-03-22T14:32:04","modified_gmt":"2023-03-22T17:32:04","slug":"la-municipalidad-otorgara-100-becas-para-estudiantes-terciarios-o-universitarios-de-mayo-a-diciembre","status":"publish","type":"post","link":"https:\/\/eldiariodesanpedro.com.ar\/sitio\/la-municipalidad-otorgara-100-becas-para-estudiantes-terciarios-o-universitarios-de-mayo-a-diciembre\/","title":{"rendered":"La Municipalidad otorgar\u00e1 100 becas para estudiantes terciarios o universitarios de mayo a diciembre"},"content":{"rendered":"<!-- VideographyWP Plugin Message: Automatic video embedding prevented by plugin options. -->\n\n<p>Desde el pr\u00f3ximo lunes 27 de marzo y hasta el mi\u00e9rcoles 19 de abril, de 9:30 a 13:30 horas, estar\u00e1n disponibles en la Secretar\u00eda de Desarrollo Econ\u00f3mico (Mitre 275) y en las delegaciones municipales de las localidades, las planillas que podr\u00e1n completar quienes deseen participar del sorteo de 100 becas para estudiantes terciarios y\/o universitarios que otorgar\u00e1 la Municipalidad de San Pedro.<\/p>\n\n\n\n<iframe data-src=\"https:\/\/www.facebook.com\/plugins\/video.php?height=314&#038;href=https%3A%2F%2Fwww.facebook.com%2Fdiariosp2%2Fvideos%2F6281426015240714%2F&#038;show_text=false&#038;width=560&#038;t=0\" width=\"560\" height=\"314\" style=\"border:none;overflow:hidden\" scrolling=\"no\" frameborder=\"0\" allowfullscreen=\"true\" allow=\"autoplay; clipboard-write; encrypted-media; picture-in-picture; web-share\" allowFullScreen=\"true\" src=\"data:image\/svg+xml;base64,PHN2ZyB3aWR0aD0iMSIgaGVpZ2h0PSIxIiB4bWxucz0iaHR0cDovL3d3dy53My5vcmcvMjAwMC9zdmciPjwvc3ZnPg==\" class=\"lazyload\" data-load-mode=\"1\"><\/iframe>\n\n\n\n<p>En conferencia de prensa el Secretario de Gobierno Mart\u00edn Baraybar y el Secretario de Desarrollo Humano Walter S\u00e1nchez brindaron informaci\u00f3n sobre el regreso y la ampliaci\u00f3n de este programa que otorgar\u00e1 un subsidio mensual desde a Mayo a Diciembre de $ 25.000 para quienes, luego de haber presentado su solicitud y haber cumplido con todos los requisitos, resulten favorecidos en el sorteo p\u00fablico que se realizar\u00e1 en fecha a confirmar.<\/p>\n\n\n\n<p>Los funcionarios remarcaron el compromiso que se ha asumido desde el gobierno del Dr. Ram\u00f3n Salazar para volver a repetir una experiencia muy importante que con un presupuesto aproximado de 20 millones de pesos, contribuir\u00e1 con el esfuerzo de 100 familias sampedrinas.<\/p>\n\n\n\n<p>Las 100 becas ser\u00e1n distribuidas entre 70 para San Pedro Ciudad, 10 para Santa Luc\u00eda, Pueblo Doyle y zonas aleda\u00f1as; 10 para Rio Tala, Bajo Tala y La Tosquera y 10 para Gobernador Castro y Vuelta de Obligado.<br>Podr\u00e1n participar del sorteo j\u00f3venes de entre 18 y 25 a\u00f1os, acreditando t\u00edtulo secundario y que est\u00e9n inscriptos o cursando una tecnicatura o carrera universitaria en una instituci\u00f3n p\u00fablica.<\/p>\n\n\n\n<p>Las\/los aspirantes deber\u00e1n completar la Declaraci\u00f3n Jurada y acreditar mediante recibos de sueldo o constancia de inscripci\u00f3n en AFIP y DDJJ (en caso de corresponder) de los integrantes del grupo familiar (padre\/madre\/c\u00f3nyuge\/concubino\/concubina) que sus ingresos familiares mensuales no superen los 5 (cinco) sueldos m\u00ednimos vitales y m\u00f3viles al momento de la inscripci\u00f3n y los aspirantes con certificado \u00fanico de discapacidad se duplicar\u00e1 el l\u00edmite. Al momento de retirar las planillas recibir\u00e1n adem\u00e1s toda la informaci\u00f3n complementaria sobre la documentaci\u00f3n a presentar.<\/p>\n\n\n\n<p>Una comisi\u00f3n evaluadora realizar\u00e1 el an\u00e1lisis de cada postulante y solicitar\u00e1 la informaci\u00f3n adicional que resulte necesaria antes de la elaboraci\u00f3n del listado de aspirantes que tambi\u00e9n ser\u00e1 publicado antes del sorteo.<\/p>\n\n\n\n<figure class=\"wp-block-image size-large\"><img decoding=\"async\" width=\"1024\" height=\"548\" data-attachment-id=\"116148\" data-permalink=\"https:\/\/eldiariodesanpedro.com.ar\/sitio\/la-municipalidad-otorgara-100-becas-para-estudiantes-terciarios-o-universitarios-de-mayo-a-diciembre\/whatsapp-image-2023-03-22-at-14-19-43\/\" data-orig-file=\"https:\/\/eldiariodesanpedro.com.ar\/sitio\/wp-content\/uploads\/2023\/03\/WhatsApp-Image-2023-03-22-at-14.19.43.jpeg\" data-orig-size=\"1080,578\" data-comments-opened=\"0\" data-image-meta=\"{&quot;aperture&quot;:&quot;0&quot;,&quot;credit&quot;:&quot;&quot;,&quot;camera&quot;:&quot;&quot;,&quot;caption&quot;:&quot;&quot;,&quot;created_timestamp&quot;:&quot;0&quot;,&quot;copyright&quot;:&quot;&quot;,&quot;focal_length&quot;:&quot;0&quot;,&quot;iso&quot;:&quot;0&quot;,&quot;shutter_speed&quot;:&quot;0&quot;,&quot;title&quot;:&quot;&quot;,&quot;orientation&quot;:&quot;0&quot;}\" data-image-title=\"WhatsApp Image 2023-03-22 at 14.19.43\" data-image-description=\"\" data-image-caption=\"\" data-large-file=\"https:\/\/eldiariodesanpedro.com.ar\/sitio\/wp-content\/uploads\/2023\/03\/WhatsApp-Image-2023-03-22-at-14.19.43-1024x548.jpeg\" data-src=\"https:\/\/eldiariodesanpedro.com.ar\/sitio\/wp-content\/uploads\/2023\/03\/WhatsApp-Image-2023-03-22-at-14.19.43-1024x548.jpeg\" alt=\"\" class=\"wp-image-116148 lazyload\" data-srcset=\"https:\/\/eldiariodesanpedro.com.ar\/sitio\/wp-content\/uploads\/2023\/03\/WhatsApp-Image-2023-03-22-at-14.19.43-1024x548.jpeg 1024w, https:\/\/eldiariodesanpedro.com.ar\/sitio\/wp-content\/uploads\/2023\/03\/WhatsApp-Image-2023-03-22-at-14.19.43-300x161.jpeg 300w, https:\/\/eldiariodesanpedro.com.ar\/sitio\/wp-content\/uploads\/2023\/03\/WhatsApp-Image-2023-03-22-at-14.19.43-768x411.jpeg 768w, https:\/\/eldiariodesanpedro.com.ar\/sitio\/wp-content\/uploads\/2023\/03\/WhatsApp-Image-2023-03-22-at-14.19.43.jpeg 1080w\" data-sizes=\"(max-width: 1024px) 100vw, 1024px\" src=\"data:image\/svg+xml;base64,PHN2ZyB3aWR0aD0iMSIgaGVpZ2h0PSIxIiB4bWxucz0iaHR0cDovL3d3dy53My5vcmcvMjAwMC9zdmciPjwvc3ZnPg==\" style=\"--smush-placeholder-width: 1024px; --smush-placeholder-aspect-ratio: 1024\/548;\" \/><\/figure>\n\n\n\n<figure class=\"wp-block-image size-large\"><img decoding=\"async\" width=\"1024\" height=\"539\" data-attachment-id=\"116146\" data-permalink=\"https:\/\/eldiariodesanpedro.com.ar\/sitio\/la-municipalidad-otorgara-100-becas-para-estudiantes-terciarios-o-universitarios-de-mayo-a-diciembre\/whatsapp-image-2023-03-22-at-14-19-42\/\" data-orig-file=\"https:\/\/eldiariodesanpedro.com.ar\/sitio\/wp-content\/uploads\/2023\/03\/WhatsApp-Image-2023-03-22-at-14.19.42.jpeg\" data-orig-size=\"1080,569\" data-comments-opened=\"0\" data-image-meta=\"{&quot;aperture&quot;:&quot;0&quot;,&quot;credit&quot;:&quot;&quot;,&quot;camera&quot;:&quot;&quot;,&quot;caption&quot;:&quot;&quot;,&quot;created_timestamp&quot;:&quot;0&quot;,&quot;copyright&quot;:&quot;&quot;,&quot;focal_length&quot;:&quot;0&quot;,&quot;iso&quot;:&quot;0&quot;,&quot;shutter_speed&quot;:&quot;0&quot;,&quot;title&quot;:&quot;&quot;,&quot;orientation&quot;:&quot;0&quot;}\" data-image-title=\"WhatsApp Image 2023-03-22 at 14.19.42\" data-image-description=\"\" data-image-caption=\"\" data-large-file=\"https:\/\/eldiariodesanpedro.com.ar\/sitio\/wp-content\/uploads\/2023\/03\/WhatsApp-Image-2023-03-22-at-14.19.42-1024x539.jpeg\" data-src=\"https:\/\/eldiariodesanpedro.com.ar\/sitio\/wp-content\/uploads\/2023\/03\/WhatsApp-Image-2023-03-22-at-14.19.42-1024x539.jpeg\" alt=\"\" class=\"wp-image-116146 lazyload\" data-srcset=\"https:\/\/eldiariodesanpedro.com.ar\/sitio\/wp-content\/uploads\/2023\/03\/WhatsApp-Image-2023-03-22-at-14.19.42-1024x539.jpeg 1024w, https:\/\/eldiariodesanpedro.com.ar\/sitio\/wp-content\/uploads\/2023\/03\/WhatsApp-Image-2023-03-22-at-14.19.42-300x158.jpeg 300w, https:\/\/eldiariodesanpedro.com.ar\/sitio\/wp-content\/uploads\/2023\/03\/WhatsApp-Image-2023-03-22-at-14.19.42-768x405.jpeg 768w, https:\/\/eldiariodesanpedro.com.ar\/sitio\/wp-content\/uploads\/2023\/03\/WhatsApp-Image-2023-03-22-at-14.19.42.jpeg 1080w\" data-sizes=\"(max-width: 1024px) 100vw, 1024px\" src=\"data:image\/svg+xml;base64,PHN2ZyB3aWR0aD0iMSIgaGVpZ2h0PSIxIiB4bWxucz0iaHR0cDovL3d3dy53My5vcmcvMjAwMC9zdmciPjwvc3ZnPg==\" style=\"--smush-placeholder-width: 1024px; --smush-placeholder-aspect-ratio: 1024\/539;\" \/><\/figure>\n","protected":false},"excerpt":{"rendered":"<p>Desde el pr\u00f3ximo lunes 27 de marzo y hasta el mi\u00e9rcoles 19 de abril, de 9:30 a 13:30 horas, estar\u00e1n disponibles en la Secretar\u00eda de Desarrollo Econ\u00f3mico (Mitre 275) y en las delegaciones municipales de las localidades, las planillas que podr\u00e1n completar quienes deseen participar del sorteo de 100 becas para estudiantes terciarios y\/o universitarios [&hellip;]<\/p>\n","protected":false},"author":4,"featured_media":116147,"comment_status":"closed","ping_status":"closed","sticky":false,"template":"","format":"standard","meta":{"om_disable_all_campaigns":false,"_jetpack_memberships_contains_paid_content":false,"footnotes":""},"categories":[50,101,2],"tags":[197,696,33,19],"class_list":["post-116145","post","type-post","status-publish","format-standard","has-post-thumbnail","hentry","category-destacadas","category-interes-general-locales","category-locales","tag-buenos-aires","tag-interes-general","tag-locales","tag-san-pedro"],"aioseo_notices":[],"gutentor_comment":0,"jetpack_featured_media_url":"https:\/\/eldiariodesanpedro.com.ar\/sitio\/wp-content\/uploads\/2023\/03\/WhatsApp-Image-2023-03-22-at-14.19.43-1.jpeg","jetpack_shortlink":"https:\/\/wp.me\/p6RhLt-udj","jetpack_sharing_enabled":true,"_links":{"self":[{"href":"https:\/\/eldiariodesanpedro.com.ar\/sitio\/wp-json\/wp\/v2\/posts\/116145","targetHints":{"allow":["GET"]}}],"collection":[{"href":"https:\/\/eldiariodesanpedro.com.ar\/sitio\/wp-json\/wp\/v2\/posts"}],"about":[{"href":"https:\/\/eldiariodesanpedro.com.ar\/sitio\/wp-json\/wp\/v2\/types\/post"}],"author":[{"embeddable":true,"href":"https:\/\/eldiariodesanpedro.com.ar\/sitio\/wp-json\/wp\/v2\/users\/4"}],"replies":[{"embeddable":true,"href":"https:\/\/eldiariodesanpedro.com.ar\/sitio\/wp-json\/wp\/v2\/comments?post=116145"}],"version-history":[{"count":2,"href":"https:\/\/eldiariodesanpedro.com.ar\/sitio\/wp-json\/wp\/v2\/posts\/116145\/revisions"}],"predecessor-version":[{"id":116152,"href":"https:\/\/eldiariodesanpedro.com.ar\/sitio\/wp-json\/wp\/v2\/posts\/116145\/revisions\/116152"}],"wp:featuredmedia":[{"embeddable":true,"href":"https:\/\/eldiariodesanpedro.com.ar\/sitio\/wp-json\/wp\/v2\/media\/116147"}],"wp:attachment":[{"href":"https:\/\/eldiariodesanpedro.com.ar\/sitio\/wp-json\/wp\/v2\/media?parent=116145"}],"wp:term":[{"taxonomy":"category","embeddable":true,"href":"https:\/\/eldiariodesanpedro.com.ar\/sitio\/wp-json\/wp\/v2\/categories?post=116145"},{"taxonomy":"post_tag","embeddable":true,"href":"https:\/\/eldiariodesanpedro.com.ar\/sitio\/wp-json\/wp\/v2\/tags?post=116145"}],"curies":[{"name":"wp","href":"https:\/\/api.w.org\/{rel}","templated":true}]}}