{"id":116129,"date":"2023-03-22T12:56:19","date_gmt":"2023-03-22T15:56:19","guid":{"rendered":"https:\/\/eldiariodesanpedro.com.ar\/sitio\/?p=116129"},"modified":"2023-03-22T12:56:21","modified_gmt":"2023-03-22T15:56:21","slug":"un-camion-cargado-de-autopartes-perdio-el-control-y-termino-en-el-cantero-central-de-la-ruta-9","status":"publish","type":"post","link":"https:\/\/eldiariodesanpedro.com.ar\/sitio\/un-camion-cargado-de-autopartes-perdio-el-control-y-termino-en-el-cantero-central-de-la-ruta-9\/","title":{"rendered":"Un cami\u00f3n cargado de autopartes perdi\u00f3 el control y termino en el cantero central de la ruta 9"},"content":{"rendered":"<!-- VideographyWP Plugin Message: Automatic video embedding prevented by plugin options. -->\n\n<p>Este mi\u00e9rcoles pasadas las 5:30 hs, sobre Ruta 9 km 160 en direcci\u00f3n Buenos Aires &#8211; Rosario, por razones que se tratan de establecer, pierde el control y despista cami\u00f3n Mercedes Benz blanco con Semirremolque (carga conteiner con autopartes\/empresa transmart srl) que se dirig\u00eda desde Buenos Aires a C\u00f3rdoba, y era conducido por Elsa Blanco de 41 a\u00f1os, oriunda de Villa Elisa, Entre R\u00edos fue asistida en el lugar por ambulancia SAME de R\u00edo Tala, sin lesiones.<\/p>\n\n\n\n<p>El rodado quedo junto al semirremolque sobre el cantero central, sin carga derramada, sin obstrucci\u00f3n de calzada.<\/p>\n\n\n\n<figure class=\"wp-block-image size-full\"><img decoding=\"async\" width=\"354\" height=\"630\" data-attachment-id=\"116132\" data-permalink=\"https:\/\/eldiariodesanpedro.com.ar\/sitio\/un-camion-cargado-de-autopartes-perdio-el-control-y-termino-en-el-cantero-central-de-la-ruta-9\/whatsapp-image-2023-03-22-at-11-07-14\/\" data-orig-file=\"https:\/\/eldiariodesanpedro.com.ar\/sitio\/wp-content\/uploads\/2023\/03\/WhatsApp-Image-2023-03-22-at-11.07.14.jpeg\" data-orig-size=\"354,630\" data-comments-opened=\"0\" data-image-meta=\"{&quot;aperture&quot;:&quot;0&quot;,&quot;credit&quot;:&quot;&quot;,&quot;camera&quot;:&quot;&quot;,&quot;caption&quot;:&quot;&quot;,&quot;created_timestamp&quot;:&quot;0&quot;,&quot;copyright&quot;:&quot;&quot;,&quot;focal_length&quot;:&quot;0&quot;,&quot;iso&quot;:&quot;0&quot;,&quot;shutter_speed&quot;:&quot;0&quot;,&quot;title&quot;:&quot;&quot;,&quot;orientation&quot;:&quot;0&quot;}\" data-image-title=\"WhatsApp Image 2023-03-22 at 11.07.14\" data-image-description=\"\" data-image-caption=\"\" data-large-file=\"https:\/\/eldiariodesanpedro.com.ar\/sitio\/wp-content\/uploads\/2023\/03\/WhatsApp-Image-2023-03-22-at-11.07.14.jpeg\" data-src=\"https:\/\/eldiariodesanpedro.com.ar\/sitio\/wp-content\/uploads\/2023\/03\/WhatsApp-Image-2023-03-22-at-11.07.14.jpeg\" alt=\"\" class=\"wp-image-116132 lazyload\" data-srcset=\"https:\/\/eldiariodesanpedro.com.ar\/sitio\/wp-content\/uploads\/2023\/03\/WhatsApp-Image-2023-03-22-at-11.07.14.jpeg 354w, https:\/\/eldiariodesanpedro.com.ar\/sitio\/wp-content\/uploads\/2023\/03\/WhatsApp-Image-2023-03-22-at-11.07.14-169x300.jpeg 169w\" data-sizes=\"(max-width: 354px) 100vw, 354px\" src=\"data:image\/svg+xml;base64,PHN2ZyB3aWR0aD0iMSIgaGVpZ2h0PSIxIiB4bWxucz0iaHR0cDovL3d3dy53My5vcmcvMjAwMC9zdmciPjwvc3ZnPg==\" style=\"--smush-placeholder-width: 354px; --smush-placeholder-aspect-ratio: 354\/630;\" \/><\/figure>\n","protected":false},"excerpt":{"rendered":"<p>Este mi\u00e9rcoles pasadas las 5:30 hs, sobre Ruta 9 km 160 en direcci\u00f3n Buenos Aires &#8211; Rosario, por razones que se tratan de establecer, pierde el control y despista cami\u00f3n Mercedes Benz blanco con Semirremolque (carga conteiner con autopartes\/empresa transmart srl) que se dirig\u00eda desde Buenos Aires a C\u00f3rdoba, y era conducido por Elsa Blanco [&hellip;]<\/p>\n","protected":false},"author":4,"featured_media":116130,"comment_status":"closed","ping_status":"closed","sticky":false,"template":"","format":"standard","meta":{"om_disable_all_campaigns":false,"_jetpack_memberships_contains_paid_content":false,"footnotes":""},"categories":[50,2,103],"tags":[197,33,95,19],"class_list":["post-116129","post","type-post","status-publish","format-standard","has-post-thumbnail","hentry","category-destacadas","category-locales","category-policiales-locales","tag-buenos-aires","tag-locales","tag-policiales","tag-san-pedro"],"aioseo_notices":[],"gutentor_comment":0,"jetpack_featured_media_url":"https:\/\/eldiariodesanpedro.com.ar\/sitio\/wp-content\/uploads\/2023\/03\/WhatsApp-Image-2023-03-22-at-11.07.14-1.jpeg","jetpack_shortlink":"https:\/\/wp.me\/p6RhLt-ud3","jetpack_sharing_enabled":true,"_links":{"self":[{"href":"https:\/\/eldiariodesanpedro.com.ar\/sitio\/wp-json\/wp\/v2\/posts\/116129","targetHints":{"allow":["GET"]}}],"collection":[{"href":"https:\/\/eldiariodesanpedro.com.ar\/sitio\/wp-json\/wp\/v2\/posts"}],"about":[{"href":"https:\/\/eldiariodesanpedro.com.ar\/sitio\/wp-json\/wp\/v2\/types\/post"}],"author":[{"embeddable":true,"href":"https:\/\/eldiariodesanpedro.com.ar\/sitio\/wp-json\/wp\/v2\/users\/4"}],"replies":[{"embeddable":true,"href":"https:\/\/eldiariodesanpedro.com.ar\/sitio\/wp-json\/wp\/v2\/comments?post=116129"}],"version-history":[{"count":1,"href":"https:\/\/eldiariodesanpedro.com.ar\/sitio\/wp-json\/wp\/v2\/posts\/116129\/revisions"}],"predecessor-version":[{"id":116133,"href":"https:\/\/eldiariodesanpedro.com.ar\/sitio\/wp-json\/wp\/v2\/posts\/116129\/revisions\/116133"}],"wp:featuredmedia":[{"embeddable":true,"href":"https:\/\/eldiariodesanpedro.com.ar\/sitio\/wp-json\/wp\/v2\/media\/116130"}],"wp:attachment":[{"href":"https:\/\/eldiariodesanpedro.com.ar\/sitio\/wp-json\/wp\/v2\/media?parent=116129"}],"wp:term":[{"taxonomy":"category","embeddable":true,"href":"https:\/\/eldiariodesanpedro.com.ar\/sitio\/wp-json\/wp\/v2\/categories?post=116129"},{"taxonomy":"post_tag","embeddable":true,"href":"https:\/\/eldiariodesanpedro.com.ar\/sitio\/wp-json\/wp\/v2\/tags?post=116129"}],"curies":[{"name":"wp","href":"https:\/\/api.w.org\/{rel}","templated":true}]}}