{"id":116124,"date":"2023-03-22T12:46:50","date_gmt":"2023-03-22T15:46:50","guid":{"rendered":"https:\/\/eldiariodesanpedro.com.ar\/sitio\/?p=116124"},"modified":"2023-03-22T12:46:52","modified_gmt":"2023-03-22T15:46:52","slug":"visita-del-subsecretario-de-puertos-de-la-nacion","status":"publish","type":"post","link":"https:\/\/eldiariodesanpedro.com.ar\/sitio\/visita-del-subsecretario-de-puertos-de-la-nacion\/","title":{"rendered":"Visita del subsecretario de Puertos de la Naci\u00f3n"},"content":{"rendered":"<!-- VideographyWP Plugin Message: Automatic video embedding prevented by plugin options. -->\n\n<p>Patricio Hogan, subsecretario de Puertos, V\u00edas Navegables y Marina Mercante de la Naci\u00f3n, visit\u00f3 ayer el Puerto de San Pedro para reunirse con el presidente del Consorcio Eliseo Almada, y parte del equipo que elabor\u00f3 el proyecto para la recuperaci\u00f3n de la capacidad operativa del muelle cabecera del Espig\u00f3n N\u00b01.<\/p>\n\n\n\n<p>Con integrantes de la subsecretar\u00eda y el Ingeniero Dante Ambrogi (autor del proyecto junto al Ing. Jos\u00e9 Landa), analizaron la situaci\u00f3n actual del puerto que tiene pendiente un dragado de mantenimiento, y la resoluci\u00f3n de la obra que fue presentada y licitada en el 2021.<\/p>\n\n\n\n<p>En el encuentro se plante\u00f3 la posibilidad de cumplir los pasos legales correspondientes para avanzar con un proyecto que, con algunas modificaciones, permita cumplir con el objetivo de fortalecer la capacidad del muelle cabecera, con un presupuesto m\u00e1s cercano al que se tuvo en cuenta para la licitaci\u00f3n p\u00fablica incluida en el expediente N\u00ba80\/2021.<\/p>\n\n\n\n<p>Hogan transmiti\u00f3 la voluntad de la subsecretar\u00eda a su cargo, del Ministerio de Transporte de la Naci\u00f3n y del Ministerio de Econom\u00eda a cargo de Sergio Massa quien particip\u00f3 personalmente de la presentaci\u00f3n de esta obra, para reactivar este proyecto. &nbsp;<\/p>\n\n\n\n<p>A partir de esta visita, \u00a0se buscar\u00e1 realizar las adecuaciones pertinentes que le brinden al Consorcio las condiciones para darle el destino previsto a los fondos asignados a esta obra.\u00a0 Es importante destacar que por el impacto de la inflaci\u00f3n y el tiempo transcurrido desde su presentaci\u00f3n, los montos originales no ser\u00e1n suficientes \u00a0para concretar el ambicioso proyecto original, pero s\u00ed podr\u00e1n provocar una inversi\u00f3n muy importante \u00a0para otorgarle mejores condiciones de competitividad y proyecci\u00f3n al Puerto de San Pedro.<\/p>\n\n\n\n<figure class=\"wp-block-image size-full\"><img decoding=\"async\" width=\"946\" height=\"630\" data-attachment-id=\"116126\" data-permalink=\"https:\/\/eldiariodesanpedro.com.ar\/sitio\/visita-del-subsecretario-de-puertos-de-la-nacion\/21032023-2\/\" data-orig-file=\"https:\/\/eldiariodesanpedro.com.ar\/sitio\/wp-content\/uploads\/2023\/03\/21032023-2.jpeg\" data-orig-size=\"946,630\" data-comments-opened=\"0\" data-image-meta=\"{&quot;aperture&quot;:&quot;0&quot;,&quot;credit&quot;:&quot;&quot;,&quot;camera&quot;:&quot;&quot;,&quot;caption&quot;:&quot;&quot;,&quot;created_timestamp&quot;:&quot;0&quot;,&quot;copyright&quot;:&quot;&quot;,&quot;focal_length&quot;:&quot;0&quot;,&quot;iso&quot;:&quot;0&quot;,&quot;shutter_speed&quot;:&quot;0&quot;,&quot;title&quot;:&quot;&quot;,&quot;orientation&quot;:&quot;0&quot;}\" data-image-title=\"21032023 (2)\" data-image-description=\"\" data-image-caption=\"\" data-large-file=\"https:\/\/eldiariodesanpedro.com.ar\/sitio\/wp-content\/uploads\/2023\/03\/21032023-2.jpeg\" data-src=\"https:\/\/eldiariodesanpedro.com.ar\/sitio\/wp-content\/uploads\/2023\/03\/21032023-2.jpeg\" alt=\"\" class=\"wp-image-116126 lazyload\" data-srcset=\"https:\/\/eldiariodesanpedro.com.ar\/sitio\/wp-content\/uploads\/2023\/03\/21032023-2.jpeg 946w, https:\/\/eldiariodesanpedro.com.ar\/sitio\/wp-content\/uploads\/2023\/03\/21032023-2-300x200.jpeg 300w, https:\/\/eldiariodesanpedro.com.ar\/sitio\/wp-content\/uploads\/2023\/03\/21032023-2-768x511.jpeg 768w\" data-sizes=\"(max-width: 946px) 100vw, 946px\" src=\"data:image\/svg+xml;base64,PHN2ZyB3aWR0aD0iMSIgaGVpZ2h0PSIxIiB4bWxucz0iaHR0cDovL3d3dy53My5vcmcvMjAwMC9zdmciPjwvc3ZnPg==\" style=\"--smush-placeholder-width: 946px; --smush-placeholder-aspect-ratio: 946\/630;\" \/><\/figure>\n\n\n\n<figure class=\"wp-block-image size-full\"><img decoding=\"async\" width=\"959\" height=\"630\" data-attachment-id=\"116127\" data-permalink=\"https:\/\/eldiariodesanpedro.com.ar\/sitio\/visita-del-subsecretario-de-puertos-de-la-nacion\/21032023-3\/\" data-orig-file=\"https:\/\/eldiariodesanpedro.com.ar\/sitio\/wp-content\/uploads\/2023\/03\/21032023-3.jpeg\" data-orig-size=\"959,630\" data-comments-opened=\"0\" data-image-meta=\"{&quot;aperture&quot;:&quot;0&quot;,&quot;credit&quot;:&quot;&quot;,&quot;camera&quot;:&quot;&quot;,&quot;caption&quot;:&quot;&quot;,&quot;created_timestamp&quot;:&quot;0&quot;,&quot;copyright&quot;:&quot;&quot;,&quot;focal_length&quot;:&quot;0&quot;,&quot;iso&quot;:&quot;0&quot;,&quot;shutter_speed&quot;:&quot;0&quot;,&quot;title&quot;:&quot;&quot;,&quot;orientation&quot;:&quot;0&quot;}\" data-image-title=\"21032023 (3)\" data-image-description=\"\" data-image-caption=\"\" data-large-file=\"https:\/\/eldiariodesanpedro.com.ar\/sitio\/wp-content\/uploads\/2023\/03\/21032023-3.jpeg\" data-src=\"https:\/\/eldiariodesanpedro.com.ar\/sitio\/wp-content\/uploads\/2023\/03\/21032023-3.jpeg\" alt=\"\" class=\"wp-image-116127 lazyload\" data-srcset=\"https:\/\/eldiariodesanpedro.com.ar\/sitio\/wp-content\/uploads\/2023\/03\/21032023-3.jpeg 959w, https:\/\/eldiariodesanpedro.com.ar\/sitio\/wp-content\/uploads\/2023\/03\/21032023-3-300x197.jpeg 300w, https:\/\/eldiariodesanpedro.com.ar\/sitio\/wp-content\/uploads\/2023\/03\/21032023-3-768x505.jpeg 768w\" data-sizes=\"(max-width: 959px) 100vw, 959px\" src=\"data:image\/svg+xml;base64,PHN2ZyB3aWR0aD0iMSIgaGVpZ2h0PSIxIiB4bWxucz0iaHR0cDovL3d3dy53My5vcmcvMjAwMC9zdmciPjwvc3ZnPg==\" style=\"--smush-placeholder-width: 959px; --smush-placeholder-aspect-ratio: 959\/630;\" \/><\/figure>\n","protected":false},"excerpt":{"rendered":"<p>Patricio Hogan, subsecretario de Puertos, V\u00edas Navegables y Marina Mercante de la Naci\u00f3n, visit\u00f3 ayer el Puerto de San Pedro para reunirse con el presidente del Consorcio Eliseo Almada, y parte del equipo que elabor\u00f3 el proyecto para la recuperaci\u00f3n de la capacidad operativa del muelle cabecera del Espig\u00f3n N\u00b01. Con integrantes de la subsecretar\u00eda [&hellip;]<\/p>\n","protected":false},"author":4,"featured_media":116125,"comment_status":"closed","ping_status":"closed","sticky":false,"template":"","format":"standard","meta":{"om_disable_all_campaigns":false,"_jetpack_memberships_contains_paid_content":false,"footnotes":""},"categories":[50,101,2],"tags":[197,696,33,19],"class_list":["post-116124","post","type-post","status-publish","format-standard","has-post-thumbnail","hentry","category-destacadas","category-interes-general-locales","category-locales","tag-buenos-aires","tag-interes-general","tag-locales","tag-san-pedro"],"aioseo_notices":[],"gutentor_comment":0,"jetpack_featured_media_url":"https:\/\/eldiariodesanpedro.com.ar\/sitio\/wp-content\/uploads\/2023\/03\/21032023-1.jpeg","jetpack_shortlink":"https:\/\/wp.me\/p6RhLt-ucY","jetpack_sharing_enabled":true,"_links":{"self":[{"href":"https:\/\/eldiariodesanpedro.com.ar\/sitio\/wp-json\/wp\/v2\/posts\/116124","targetHints":{"allow":["GET"]}}],"collection":[{"href":"https:\/\/eldiariodesanpedro.com.ar\/sitio\/wp-json\/wp\/v2\/posts"}],"about":[{"href":"https:\/\/eldiariodesanpedro.com.ar\/sitio\/wp-json\/wp\/v2\/types\/post"}],"author":[{"embeddable":true,"href":"https:\/\/eldiariodesanpedro.com.ar\/sitio\/wp-json\/wp\/v2\/users\/4"}],"replies":[{"embeddable":true,"href":"https:\/\/eldiariodesanpedro.com.ar\/sitio\/wp-json\/wp\/v2\/comments?post=116124"}],"version-history":[{"count":1,"href":"https:\/\/eldiariodesanpedro.com.ar\/sitio\/wp-json\/wp\/v2\/posts\/116124\/revisions"}],"predecessor-version":[{"id":116128,"href":"https:\/\/eldiariodesanpedro.com.ar\/sitio\/wp-json\/wp\/v2\/posts\/116124\/revisions\/116128"}],"wp:featuredmedia":[{"embeddable":true,"href":"https:\/\/eldiariodesanpedro.com.ar\/sitio\/wp-json\/wp\/v2\/media\/116125"}],"wp:attachment":[{"href":"https:\/\/eldiariodesanpedro.com.ar\/sitio\/wp-json\/wp\/v2\/media?parent=116124"}],"wp:term":[{"taxonomy":"category","embeddable":true,"href":"https:\/\/eldiariodesanpedro.com.ar\/sitio\/wp-json\/wp\/v2\/categories?post=116124"},{"taxonomy":"post_tag","embeddable":true,"href":"https:\/\/eldiariodesanpedro.com.ar\/sitio\/wp-json\/wp\/v2\/tags?post=116124"}],"curies":[{"name":"wp","href":"https:\/\/api.w.org\/{rel}","templated":true}]}}