{"id":116119,"date":"2023-03-21T11:51:52","date_gmt":"2023-03-21T14:51:52","guid":{"rendered":"https:\/\/eldiariodesanpedro.com.ar\/sitio\/?p=116119"},"modified":"2023-03-21T11:51:54","modified_gmt":"2023-03-21T14:51:54","slug":"manana-se-realizara-una-nueva-reunion-paritaria-tras-no-llegar-a-un-acuerdo-entre-ele-ejecutivo-y-los-empleados-municipales","status":"publish","type":"post","link":"https:\/\/eldiariodesanpedro.com.ar\/sitio\/manana-se-realizara-una-nueva-reunion-paritaria-tras-no-llegar-a-un-acuerdo-entre-ele-ejecutivo-y-los-empleados-municipales\/","title":{"rendered":"Ma\u00f1ana se realizara una nueva reuni\u00f3n paritaria tras no llegar a un acuerdo entre ele ejecutivo y los empleados municipales"},"content":{"rendered":"<!-- VideographyWP Plugin Message: Automatic video embedding prevented by plugin options. -->\n\n<p>El viernes el Ejecutivo ofreci\u00f3 para el primer semestre un incremento del 18 por ciento para los haberes del mes de marzo y un 16 por ciento para los haberes del mes de junio, con impacto en el primer Sueldo Anual Complementario. <\/p>\n\n\n\n<p>Los gremios reclaman un incremento para marzo del 20%, y para el mes de mayo de 25% con nueva convocatoria para el mes de julio. Tras acordar un cuarto intermedio, la pr\u00f3xima reuni\u00f3n ser\u00e1 ma\u00f1ana mi\u00e9rcoles 22 donde se tratara de llegar a un acuerdo.<\/p>\n","protected":false},"excerpt":{"rendered":"<p>El viernes el Ejecutivo ofreci\u00f3 para el primer semestre un incremento del 18 por ciento para los haberes del mes de marzo y un 16 por ciento para los haberes del mes de junio, con impacto en el primer Sueldo Anual Complementario. Los gremios reclaman un incremento para marzo del 20%, y para el mes [&hellip;]<\/p>\n","protected":false},"author":4,"featured_media":16091,"comment_status":"closed","ping_status":"closed","sticky":false,"template":"","format":"standard","meta":{"om_disable_all_campaigns":false,"_jetpack_memberships_contains_paid_content":false,"footnotes":""},"categories":[50,101,2],"tags":[197,696,33,19],"class_list":["post-116119","post","type-post","status-publish","format-standard","has-post-thumbnail","hentry","category-destacadas","category-interes-general-locales","category-locales","tag-buenos-aires","tag-interes-general","tag-locales","tag-san-pedro"],"aioseo_notices":[],"gutentor_comment":0,"jetpack_featured_media_url":"https:\/\/eldiariodesanpedro.com.ar\/sitio\/wp-content\/uploads\/2017\/03\/Juan-Cruz-Acosta-titular-del-Sindicato-de-Trabajadores-Municipales.jpg","jetpack_shortlink":"https:\/\/wp.me\/p6RhLt-ucT","jetpack_sharing_enabled":true,"_links":{"self":[{"href":"https:\/\/eldiariodesanpedro.com.ar\/sitio\/wp-json\/wp\/v2\/posts\/116119","targetHints":{"allow":["GET"]}}],"collection":[{"href":"https:\/\/eldiariodesanpedro.com.ar\/sitio\/wp-json\/wp\/v2\/posts"}],"about":[{"href":"https:\/\/eldiariodesanpedro.com.ar\/sitio\/wp-json\/wp\/v2\/types\/post"}],"author":[{"embeddable":true,"href":"https:\/\/eldiariodesanpedro.com.ar\/sitio\/wp-json\/wp\/v2\/users\/4"}],"replies":[{"embeddable":true,"href":"https:\/\/eldiariodesanpedro.com.ar\/sitio\/wp-json\/wp\/v2\/comments?post=116119"}],"version-history":[{"count":1,"href":"https:\/\/eldiariodesanpedro.com.ar\/sitio\/wp-json\/wp\/v2\/posts\/116119\/revisions"}],"predecessor-version":[{"id":116120,"href":"https:\/\/eldiariodesanpedro.com.ar\/sitio\/wp-json\/wp\/v2\/posts\/116119\/revisions\/116120"}],"wp:featuredmedia":[{"embeddable":true,"href":"https:\/\/eldiariodesanpedro.com.ar\/sitio\/wp-json\/wp\/v2\/media\/16091"}],"wp:attachment":[{"href":"https:\/\/eldiariodesanpedro.com.ar\/sitio\/wp-json\/wp\/v2\/media?parent=116119"}],"wp:term":[{"taxonomy":"category","embeddable":true,"href":"https:\/\/eldiariodesanpedro.com.ar\/sitio\/wp-json\/wp\/v2\/categories?post=116119"},{"taxonomy":"post_tag","embeddable":true,"href":"https:\/\/eldiariodesanpedro.com.ar\/sitio\/wp-json\/wp\/v2\/tags?post=116119"}],"curies":[{"name":"wp","href":"https:\/\/api.w.org\/{rel}","templated":true}]}}