{"id":116117,"date":"2023-03-21T11:39:24","date_gmt":"2023-03-21T14:39:24","guid":{"rendered":"https:\/\/eldiariodesanpedro.com.ar\/sitio\/?p=116117"},"modified":"2023-03-21T11:39:25","modified_gmt":"2023-03-21T14:39:25","slug":"lo-estafaron-a-traves-de-facebook-cuando-vendia-su-telefono","status":"publish","type":"post","link":"https:\/\/eldiariodesanpedro.com.ar\/sitio\/lo-estafaron-a-traves-de-facebook-cuando-vendia-su-telefono\/","title":{"rendered":"Lo estafaron a trav\u00e9s de Facebook cuando vend\u00eda su tel\u00e9fono"},"content":{"rendered":"<!-- VideographyWP Plugin Message: Automatic video embedding prevented by plugin options. -->\n\n<p>En el d\u00eda de ayer en horas de la tardecita denuncio un ciudadano de 18 a\u00f1os que p\u00fablico a la venta un tel\u00e9fono celular Marca Samsung Galaxy A22 en red social Facebook donde fue contactado por un sujeto que se mostr\u00f3 interesado en comprar el dispositivo.<\/p>\n\n\n\n<p>Luego tras pactar los medios de pago, el comprador realiza una supuesta transferencia de 70 mil pesos y el denunciante le entrega el tel\u00e9fono celular pero posteriormente constata que el comprobante de pago era falso dando cuenta que fue estafado.<\/p>\n","protected":false},"excerpt":{"rendered":"<p>En el d\u00eda de ayer en horas de la tardecita denuncio un ciudadano de 18 a\u00f1os que p\u00fablico a la venta un tel\u00e9fono celular Marca Samsung Galaxy A22 en red social Facebook donde fue contactado por un sujeto que se mostr\u00f3 interesado en comprar el dispositivo. Luego tras pactar los medios de pago, el comprador [&hellip;]<\/p>\n","protected":false},"author":4,"featured_media":99416,"comment_status":"closed","ping_status":"closed","sticky":false,"template":"","format":"standard","meta":{"om_disable_all_campaigns":false,"_jetpack_memberships_contains_paid_content":false,"footnotes":""},"categories":[2,103],"tags":[197,33,19],"class_list":["post-116117","post","type-post","status-publish","format-standard","has-post-thumbnail","hentry","category-locales","category-policiales-locales","tag-buenos-aires","tag-locales","tag-san-pedro"],"aioseo_notices":[],"gutentor_comment":0,"jetpack_featured_media_url":"https:\/\/eldiariodesanpedro.com.ar\/sitio\/wp-content\/uploads\/2021\/09\/engano_por_Facebook.jpg","jetpack_shortlink":"https:\/\/wp.me\/p6RhLt-ucR","jetpack_sharing_enabled":true,"_links":{"self":[{"href":"https:\/\/eldiariodesanpedro.com.ar\/sitio\/wp-json\/wp\/v2\/posts\/116117","targetHints":{"allow":["GET"]}}],"collection":[{"href":"https:\/\/eldiariodesanpedro.com.ar\/sitio\/wp-json\/wp\/v2\/posts"}],"about":[{"href":"https:\/\/eldiariodesanpedro.com.ar\/sitio\/wp-json\/wp\/v2\/types\/post"}],"author":[{"embeddable":true,"href":"https:\/\/eldiariodesanpedro.com.ar\/sitio\/wp-json\/wp\/v2\/users\/4"}],"replies":[{"embeddable":true,"href":"https:\/\/eldiariodesanpedro.com.ar\/sitio\/wp-json\/wp\/v2\/comments?post=116117"}],"version-history":[{"count":1,"href":"https:\/\/eldiariodesanpedro.com.ar\/sitio\/wp-json\/wp\/v2\/posts\/116117\/revisions"}],"predecessor-version":[{"id":116118,"href":"https:\/\/eldiariodesanpedro.com.ar\/sitio\/wp-json\/wp\/v2\/posts\/116117\/revisions\/116118"}],"wp:featuredmedia":[{"embeddable":true,"href":"https:\/\/eldiariodesanpedro.com.ar\/sitio\/wp-json\/wp\/v2\/media\/99416"}],"wp:attachment":[{"href":"https:\/\/eldiariodesanpedro.com.ar\/sitio\/wp-json\/wp\/v2\/media?parent=116117"}],"wp:term":[{"taxonomy":"category","embeddable":true,"href":"https:\/\/eldiariodesanpedro.com.ar\/sitio\/wp-json\/wp\/v2\/categories?post=116117"},{"taxonomy":"post_tag","embeddable":true,"href":"https:\/\/eldiariodesanpedro.com.ar\/sitio\/wp-json\/wp\/v2\/tags?post=116117"}],"curies":[{"name":"wp","href":"https:\/\/api.w.org\/{rel}","templated":true}]}}