{"id":116115,"date":"2023-03-21T11:23:46","date_gmt":"2023-03-21T14:23:46","guid":{"rendered":"https:\/\/eldiariodesanpedro.com.ar\/sitio\/?p=116115"},"modified":"2023-03-21T11:23:48","modified_gmt":"2023-03-21T14:23:48","slug":"cuatro-delincuentes-armados-maniataron-y-robaron-a-una-familia-de-productores-apicolas","status":"publish","type":"post","link":"https:\/\/eldiariodesanpedro.com.ar\/sitio\/cuatro-delincuentes-armados-maniataron-y-robaron-a-una-familia-de-productores-apicolas\/","title":{"rendered":"Cuatro delincuentes armados maniataron y robaron a una familia de productores ap\u00edcolas"},"content":{"rendered":"<!-- VideographyWP Plugin Message: Automatic video embedding prevented by plugin options. -->\n\n<p>En la jornada de ayer lunes alrededor de las 13 horas en la comisaria de nuestra ciudad denuncio un ciudadano de 68 a\u00f1os de edad, que resultas ser productor ap\u00edcola, y siendo las 10 horas aproximadamente en momentos en que se encontraba en el galp\u00f3n de extracci\u00f3n de miel ubicado en calle Crucero Gral. Belgrano al 900, junto a sus dos hijos mayores de edad fueron sorprendidos por cuatro delincuentes, quienes mediante intimidaci\u00f3n con arma de fuego los reducen, los maniataron y le sustraen elementos de valor como as\u00ed dinero en efectivo, para luego darse a la fuga de dos autom\u00f3viles Volkswagen y Renault de color negro con vidrios polarizados.<\/p>\n\n\n\n<p>Seg\u00fan declaro la victima los malhechores le dijeron que alguien lo hab\u00eda vendido que ten\u00eda mucho dinero.<\/p>\n\n\n\n<p>En el lugar trabajo personal de Polic\u00eda cient\u00edfica e intervine Ufi N\u00b0 05 Local.-<\/p>\n","protected":false},"excerpt":{"rendered":"<p>En la jornada de ayer lunes alrededor de las 13 horas en la comisaria de nuestra ciudad denuncio un ciudadano de 68 a\u00f1os de edad, que resultas ser productor ap\u00edcola, y siendo las 10 horas aproximadamente en momentos en que se encontraba en el galp\u00f3n de extracci\u00f3n de miel ubicado en calle Crucero Gral. Belgrano [&hellip;]<\/p>\n","protected":false},"author":4,"featured_media":57215,"comment_status":"closed","ping_status":"closed","sticky":false,"template":"","format":"standard","meta":{"om_disable_all_campaigns":false,"_jetpack_memberships_contains_paid_content":false,"footnotes":""},"categories":[2,103],"tags":[197,33,95,19],"class_list":["post-116115","post","type-post","status-publish","format-standard","has-post-thumbnail","hentry","category-locales","category-policiales-locales","tag-buenos-aires","tag-locales","tag-policiales","tag-san-pedro"],"aioseo_notices":[],"gutentor_comment":0,"jetpack_featured_media_url":"https:\/\/eldiariodesanpedro.com.ar\/sitio\/wp-content\/uploads\/2019\/07\/comisaria_1.jpg","jetpack_shortlink":"https:\/\/wp.me\/p6RhLt-ucP","jetpack_sharing_enabled":true,"_links":{"self":[{"href":"https:\/\/eldiariodesanpedro.com.ar\/sitio\/wp-json\/wp\/v2\/posts\/116115","targetHints":{"allow":["GET"]}}],"collection":[{"href":"https:\/\/eldiariodesanpedro.com.ar\/sitio\/wp-json\/wp\/v2\/posts"}],"about":[{"href":"https:\/\/eldiariodesanpedro.com.ar\/sitio\/wp-json\/wp\/v2\/types\/post"}],"author":[{"embeddable":true,"href":"https:\/\/eldiariodesanpedro.com.ar\/sitio\/wp-json\/wp\/v2\/users\/4"}],"replies":[{"embeddable":true,"href":"https:\/\/eldiariodesanpedro.com.ar\/sitio\/wp-json\/wp\/v2\/comments?post=116115"}],"version-history":[{"count":1,"href":"https:\/\/eldiariodesanpedro.com.ar\/sitio\/wp-json\/wp\/v2\/posts\/116115\/revisions"}],"predecessor-version":[{"id":116116,"href":"https:\/\/eldiariodesanpedro.com.ar\/sitio\/wp-json\/wp\/v2\/posts\/116115\/revisions\/116116"}],"wp:featuredmedia":[{"embeddable":true,"href":"https:\/\/eldiariodesanpedro.com.ar\/sitio\/wp-json\/wp\/v2\/media\/57215"}],"wp:attachment":[{"href":"https:\/\/eldiariodesanpedro.com.ar\/sitio\/wp-json\/wp\/v2\/media?parent=116115"}],"wp:term":[{"taxonomy":"category","embeddable":true,"href":"https:\/\/eldiariodesanpedro.com.ar\/sitio\/wp-json\/wp\/v2\/categories?post=116115"},{"taxonomy":"post_tag","embeddable":true,"href":"https:\/\/eldiariodesanpedro.com.ar\/sitio\/wp-json\/wp\/v2\/tags?post=116115"}],"curies":[{"name":"wp","href":"https:\/\/api.w.org\/{rel}","templated":true}]}}