{"id":116112,"date":"2023-03-21T10:55:29","date_gmt":"2023-03-21T13:55:29","guid":{"rendered":"https:\/\/eldiariodesanpedro.com.ar\/sitio\/?p=116112"},"modified":"2023-03-21T10:55:31","modified_gmt":"2023-03-21T13:55:31","slug":"se-secuestraron-10-motocicletas-y-un-automovil-en-controles-de-transito","status":"publish","type":"post","link":"https:\/\/eldiariodesanpedro.com.ar\/sitio\/se-secuestraron-10-motocicletas-y-un-automovil-en-controles-de-transito\/","title":{"rendered":"Se secuestraron 10 motocicletas y un autom\u00f3vil en controles de transito"},"content":{"rendered":"<!-- VideographyWP Plugin Message: Automatic video embedding prevented by plugin options. -->\n\n<p>Desde la semana pasada que en nuestra ciudad volvieron intensamente los controles de transito en diferentes sectores de la ciudad por parte de la Direcci\u00f3n de Transito y Nocturnidad dela Municipalidad.<\/p>\n\n\n\n<p>En el dia de ayer, desde las 18:30 horas, en calle Mitre y Alvear, se llev\u00f3 a cabo un operativo de interceptaci\u00f3n de veh\u00edculos en conjunto entre el personal de la Estaci\u00f3n de Polic\u00eda Comunal y el de Inspecci\u00f3n Municipal, incaut\u00e1ndose en dicho procedimiento diez motocicletas y un autom\u00f3vil por carecer de documentaci\u00f3n para circular.<\/p>\n\n\n\n<p>Seg\u00fan inform\u00f3 la polic\u00eda, en el lugar se labraron actuaciones por infracci\u00f3n a la ley 24.449 y los veh\u00edculos fueron secuestrados quedando a disposici\u00f3n del juzgado de faltas local.-<\/p>\n","protected":false},"excerpt":{"rendered":"<p>Desde la semana pasada que en nuestra ciudad volvieron intensamente los controles de transito en diferentes sectores de la ciudad por parte de la Direcci\u00f3n de Transito y Nocturnidad dela Municipalidad. En el dia de ayer, desde las 18:30 horas, en calle Mitre y Alvear, se llev\u00f3 a cabo un operativo de interceptaci\u00f3n de veh\u00edculos [&hellip;]<\/p>\n","protected":false},"author":4,"featured_media":116113,"comment_status":"closed","ping_status":"closed","sticky":false,"template":"","format":"standard","meta":{"om_disable_all_campaigns":false,"_jetpack_memberships_contains_paid_content":false,"footnotes":""},"categories":[2,103],"tags":[197,33,95,19],"class_list":["post-116112","post","type-post","status-publish","format-standard","has-post-thumbnail","hentry","category-locales","category-policiales-locales","tag-buenos-aires","tag-locales","tag-policiales","tag-san-pedro"],"aioseo_notices":[],"gutentor_comment":0,"jetpack_featured_media_url":"https:\/\/eldiariodesanpedro.com.ar\/sitio\/wp-content\/uploads\/2023\/03\/WhatsApp-Image-2023-03-17-at-11.50.42.jpeg","jetpack_shortlink":"https:\/\/wp.me\/p6RhLt-ucM","jetpack_sharing_enabled":true,"_links":{"self":[{"href":"https:\/\/eldiariodesanpedro.com.ar\/sitio\/wp-json\/wp\/v2\/posts\/116112","targetHints":{"allow":["GET"]}}],"collection":[{"href":"https:\/\/eldiariodesanpedro.com.ar\/sitio\/wp-json\/wp\/v2\/posts"}],"about":[{"href":"https:\/\/eldiariodesanpedro.com.ar\/sitio\/wp-json\/wp\/v2\/types\/post"}],"author":[{"embeddable":true,"href":"https:\/\/eldiariodesanpedro.com.ar\/sitio\/wp-json\/wp\/v2\/users\/4"}],"replies":[{"embeddable":true,"href":"https:\/\/eldiariodesanpedro.com.ar\/sitio\/wp-json\/wp\/v2\/comments?post=116112"}],"version-history":[{"count":1,"href":"https:\/\/eldiariodesanpedro.com.ar\/sitio\/wp-json\/wp\/v2\/posts\/116112\/revisions"}],"predecessor-version":[{"id":116114,"href":"https:\/\/eldiariodesanpedro.com.ar\/sitio\/wp-json\/wp\/v2\/posts\/116112\/revisions\/116114"}],"wp:featuredmedia":[{"embeddable":true,"href":"https:\/\/eldiariodesanpedro.com.ar\/sitio\/wp-json\/wp\/v2\/media\/116113"}],"wp:attachment":[{"href":"https:\/\/eldiariodesanpedro.com.ar\/sitio\/wp-json\/wp\/v2\/media?parent=116112"}],"wp:term":[{"taxonomy":"category","embeddable":true,"href":"https:\/\/eldiariodesanpedro.com.ar\/sitio\/wp-json\/wp\/v2\/categories?post=116112"},{"taxonomy":"post_tag","embeddable":true,"href":"https:\/\/eldiariodesanpedro.com.ar\/sitio\/wp-json\/wp\/v2\/tags?post=116112"}],"curies":[{"name":"wp","href":"https:\/\/api.w.org\/{rel}","templated":true}]}}