{"id":116106,"date":"2023-03-21T10:42:21","date_gmt":"2023-03-21T13:42:21","guid":{"rendered":"https:\/\/eldiariodesanpedro.com.ar\/sitio\/?p=116106"},"modified":"2023-03-21T10:42:23","modified_gmt":"2023-03-21T13:42:23","slug":"coopser-informa-el-nuevo-contacto-por-whatsapp-con-la-guardia-de-reclamos","status":"publish","type":"post","link":"https:\/\/eldiariodesanpedro.com.ar\/sitio\/coopser-informa-el-nuevo-contacto-por-whatsapp-con-la-guardia-de-reclamos\/","title":{"rendered":"Coopser informa el nuevo contacto por whatsapp con la guardia de reclamos"},"content":{"rendered":"<!-- VideographyWP Plugin Message: Automatic video embedding prevented by plugin options. -->\n\n<p>Coopser informa que para contactarse con la guardia de reclamos ante cortes en el suministro el\u00e9ctrico se ha sumado el&nbsp;<strong>whatsapp 3329-642020<\/strong>, exclusivamente para comunicarse v\u00eda mensajes.<\/p>\n\n\n\n<p>Para realizar la gesti\u00f3n&nbsp;<strong>es fundamental&nbsp;<\/strong>identificarse con el n\u00famero de suministro que figura&nbsp;<strong>en el extremo superior derecho<\/strong>&nbsp;de su factura mensual.&nbsp;<br><br>De este modo el personal podr\u00e1 responder de acuerdo a cada situaci\u00f3n, determinando si se trata de un inconveniente que requiere el env\u00edo de una cuadrilla, o si la falta de energ\u00eda obedece a un corte parcial o general.&nbsp;<\/p>\n\n\n\n<p><strong>Memorice en su celular este nuevo contacto y su n\u00famero de suministro, para poder realizar la consulta de manera m\u00e1s eficiente.<\/strong><\/p>\n\n\n\n<p>El Consejo de Administraci\u00f3n de COOPSER ha venido trabajando con todo el equipo del \u00e1rea con el prop\u00f3sito de ofrecer esta herramienta a los socios, sin embargo, ante cortes de amplia cobertura, la m\u00e1xima atenci\u00f3n de los tableristas y del personal estar\u00e1 puesta, como siempre, en las maniobras para reanudar con la mayor celeridad posible el suministro a las zonas afectadas.<\/p>\n\n\n<div class=\"wp-block-image\">\n<figure class=\"aligncenter size-full\"><img decoding=\"async\" width=\"630\" height=\"630\" data-attachment-id=\"116107\" data-permalink=\"https:\/\/eldiariodesanpedro.com.ar\/sitio\/coopser-informa-el-nuevo-contacto-por-whatsapp-con-la-guardia-de-reclamos\/whatsapp-coopser-2023\/\" data-orig-file=\"https:\/\/eldiariodesanpedro.com.ar\/sitio\/wp-content\/uploads\/2023\/03\/WHATSAPP-COOPSER-2023.jpeg\" data-orig-size=\"630,630\" data-comments-opened=\"0\" data-image-meta=\"{&quot;aperture&quot;:&quot;0&quot;,&quot;credit&quot;:&quot;&quot;,&quot;camera&quot;:&quot;&quot;,&quot;caption&quot;:&quot;&quot;,&quot;created_timestamp&quot;:&quot;0&quot;,&quot;copyright&quot;:&quot;&quot;,&quot;focal_length&quot;:&quot;0&quot;,&quot;iso&quot;:&quot;0&quot;,&quot;shutter_speed&quot;:&quot;0&quot;,&quot;title&quot;:&quot;&quot;,&quot;orientation&quot;:&quot;0&quot;}\" data-image-title=\"WHATSAPP-COOPSER-2023\" data-image-description=\"\" data-image-caption=\"\" data-large-file=\"https:\/\/eldiariodesanpedro.com.ar\/sitio\/wp-content\/uploads\/2023\/03\/WHATSAPP-COOPSER-2023.jpeg\" data-src=\"https:\/\/eldiariodesanpedro.com.ar\/sitio\/wp-content\/uploads\/2023\/03\/WHATSAPP-COOPSER-2023.jpeg\" alt=\"\" class=\"wp-image-116107 lazyload\" data-srcset=\"https:\/\/eldiariodesanpedro.com.ar\/sitio\/wp-content\/uploads\/2023\/03\/WHATSAPP-COOPSER-2023.jpeg 630w, https:\/\/eldiariodesanpedro.com.ar\/sitio\/wp-content\/uploads\/2023\/03\/WHATSAPP-COOPSER-2023-300x300.jpeg 300w, https:\/\/eldiariodesanpedro.com.ar\/sitio\/wp-content\/uploads\/2023\/03\/WHATSAPP-COOPSER-2023-150x150.jpeg 150w\" data-sizes=\"(max-width: 630px) 100vw, 630px\" src=\"data:image\/svg+xml;base64,PHN2ZyB3aWR0aD0iMSIgaGVpZ2h0PSIxIiB4bWxucz0iaHR0cDovL3d3dy53My5vcmcvMjAwMC9zdmciPjwvc3ZnPg==\" style=\"--smush-placeholder-width: 630px; --smush-placeholder-aspect-ratio: 630\/630;\" \/><\/figure>\n<\/div>","protected":false},"excerpt":{"rendered":"<p>Coopser informa que para contactarse con la guardia de reclamos ante cortes en el suministro el\u00e9ctrico se ha sumado el&nbsp;whatsapp 3329-642020, exclusivamente para comunicarse v\u00eda mensajes. Para realizar la gesti\u00f3n&nbsp;es fundamental&nbsp;identificarse con el n\u00famero de suministro que figura&nbsp;en el extremo superior derecho&nbsp;de su factura mensual.&nbsp; De este modo el personal podr\u00e1 responder de acuerdo a [&hellip;]<\/p>\n","protected":false},"author":4,"featured_media":116108,"comment_status":"closed","ping_status":"closed","sticky":false,"template":"","format":"standard","meta":{"om_disable_all_campaigns":false,"_jetpack_memberships_contains_paid_content":false,"footnotes":""},"categories":[50,101,2],"tags":[197,696,33,19],"class_list":["post-116106","post","type-post","status-publish","format-standard","has-post-thumbnail","hentry","category-destacadas","category-interes-general-locales","category-locales","tag-buenos-aires","tag-interes-general","tag-locales","tag-san-pedro"],"aioseo_notices":[],"gutentor_comment":0,"jetpack_featured_media_url":"https:\/\/eldiariodesanpedro.com.ar\/sitio\/wp-content\/uploads\/2023\/03\/medida-25.jpg","jetpack_shortlink":"https:\/\/wp.me\/p6RhLt-ucG","jetpack_sharing_enabled":true,"_links":{"self":[{"href":"https:\/\/eldiariodesanpedro.com.ar\/sitio\/wp-json\/wp\/v2\/posts\/116106","targetHints":{"allow":["GET"]}}],"collection":[{"href":"https:\/\/eldiariodesanpedro.com.ar\/sitio\/wp-json\/wp\/v2\/posts"}],"about":[{"href":"https:\/\/eldiariodesanpedro.com.ar\/sitio\/wp-json\/wp\/v2\/types\/post"}],"author":[{"embeddable":true,"href":"https:\/\/eldiariodesanpedro.com.ar\/sitio\/wp-json\/wp\/v2\/users\/4"}],"replies":[{"embeddable":true,"href":"https:\/\/eldiariodesanpedro.com.ar\/sitio\/wp-json\/wp\/v2\/comments?post=116106"}],"version-history":[{"count":1,"href":"https:\/\/eldiariodesanpedro.com.ar\/sitio\/wp-json\/wp\/v2\/posts\/116106\/revisions"}],"predecessor-version":[{"id":116109,"href":"https:\/\/eldiariodesanpedro.com.ar\/sitio\/wp-json\/wp\/v2\/posts\/116106\/revisions\/116109"}],"wp:featuredmedia":[{"embeddable":true,"href":"https:\/\/eldiariodesanpedro.com.ar\/sitio\/wp-json\/wp\/v2\/media\/116108"}],"wp:attachment":[{"href":"https:\/\/eldiariodesanpedro.com.ar\/sitio\/wp-json\/wp\/v2\/media?parent=116106"}],"wp:term":[{"taxonomy":"category","embeddable":true,"href":"https:\/\/eldiariodesanpedro.com.ar\/sitio\/wp-json\/wp\/v2\/categories?post=116106"},{"taxonomy":"post_tag","embeddable":true,"href":"https:\/\/eldiariodesanpedro.com.ar\/sitio\/wp-json\/wp\/v2\/tags?post=116106"}],"curies":[{"name":"wp","href":"https:\/\/api.w.org\/{rel}","templated":true}]}}