{"id":116103,"date":"2023-03-21T10:34:35","date_gmt":"2023-03-21T13:34:35","guid":{"rendered":"https:\/\/eldiariodesanpedro.com.ar\/sitio\/?p=116103"},"modified":"2023-03-21T10:34:37","modified_gmt":"2023-03-21T13:34:37","slug":"hallaron-incendiado-en-lima-el-mini-cooper-robado-en-nuestra-ciudad","status":"publish","type":"post","link":"https:\/\/eldiariodesanpedro.com.ar\/sitio\/hallaron-incendiado-en-lima-el-mini-cooper-robado-en-nuestra-ciudad\/","title":{"rendered":"Hallaron incendiado en Lima el Mini Cooper robado en nuestra ciudad"},"content":{"rendered":"<!-- VideographyWP Plugin Message: Automatic video embedding prevented by plugin options. -->\n\n<p>Es el rodado que hab\u00eda sido sustra\u00eddo hace dos semanas en el centro de la ciudad. Estaba totalmente destruido.<\/p>\n\n\n\n<p>Personal del GTO San Pedro, tras obtener datos precisos, hall\u00f3 en la localidad de Lima el auto Mini Cooper blanco que hab\u00eda sido robado en nuestra ciudad.<\/p>\n\n\n\n<p>Tal cual lo adelantado en el aire de FM Genesis y San Pedro Informa, el rodado estaba totalmente incendiado y su destrucci\u00f3n es total.<\/p>\n\n\n\n<p>El veh\u00edculo pertenece a una persona oriunda de Baradero de apellido Gallo y fue robado en horas de la noche cuando estaba estacionado en la esquina de Alvear y Belgrano.<\/p>\n\n\n\n<p>La fiscal\u00eda investiga el hecho y busca establecer algunos detalles del hecho, s\u00ed se pudo saber que el rodado ingres\u00f3 a la ciudad ese mismo d\u00eda pocos minutos despu\u00e9s de las 20 hs. y sale pr\u00e1cticamente una hora despu\u00e9s.<\/p>\n","protected":false},"excerpt":{"rendered":"<p>Es el rodado que hab\u00eda sido sustra\u00eddo hace dos semanas en el centro de la ciudad. Estaba totalmente destruido. Personal del GTO San Pedro, tras obtener datos precisos, hall\u00f3 en la localidad de Lima el auto Mini Cooper blanco que hab\u00eda sido robado en nuestra ciudad. Tal cual lo adelantado en el aire de FM [&hellip;]<\/p>\n","protected":false},"author":4,"featured_media":116104,"comment_status":"closed","ping_status":"closed","sticky":false,"template":"","format":"standard","meta":{"om_disable_all_campaigns":false,"_jetpack_memberships_contains_paid_content":false,"footnotes":""},"categories":[50,2,103],"tags":[197,33,95,19],"class_list":["post-116103","post","type-post","status-publish","format-standard","has-post-thumbnail","hentry","category-destacadas","category-locales","category-policiales-locales","tag-buenos-aires","tag-locales","tag-policiales","tag-san-pedro"],"aioseo_notices":[],"gutentor_comment":0,"jetpack_featured_media_url":"https:\/\/eldiariodesanpedro.com.ar\/sitio\/wp-content\/uploads\/2023\/03\/0000021711-resized-1920x1080-1.jpg","jetpack_shortlink":"https:\/\/wp.me\/p6RhLt-ucD","jetpack_sharing_enabled":true,"_links":{"self":[{"href":"https:\/\/eldiariodesanpedro.com.ar\/sitio\/wp-json\/wp\/v2\/posts\/116103","targetHints":{"allow":["GET"]}}],"collection":[{"href":"https:\/\/eldiariodesanpedro.com.ar\/sitio\/wp-json\/wp\/v2\/posts"}],"about":[{"href":"https:\/\/eldiariodesanpedro.com.ar\/sitio\/wp-json\/wp\/v2\/types\/post"}],"author":[{"embeddable":true,"href":"https:\/\/eldiariodesanpedro.com.ar\/sitio\/wp-json\/wp\/v2\/users\/4"}],"replies":[{"embeddable":true,"href":"https:\/\/eldiariodesanpedro.com.ar\/sitio\/wp-json\/wp\/v2\/comments?post=116103"}],"version-history":[{"count":1,"href":"https:\/\/eldiariodesanpedro.com.ar\/sitio\/wp-json\/wp\/v2\/posts\/116103\/revisions"}],"predecessor-version":[{"id":116105,"href":"https:\/\/eldiariodesanpedro.com.ar\/sitio\/wp-json\/wp\/v2\/posts\/116103\/revisions\/116105"}],"wp:featuredmedia":[{"embeddable":true,"href":"https:\/\/eldiariodesanpedro.com.ar\/sitio\/wp-json\/wp\/v2\/media\/116104"}],"wp:attachment":[{"href":"https:\/\/eldiariodesanpedro.com.ar\/sitio\/wp-json\/wp\/v2\/media?parent=116103"}],"wp:term":[{"taxonomy":"category","embeddable":true,"href":"https:\/\/eldiariodesanpedro.com.ar\/sitio\/wp-json\/wp\/v2\/categories?post=116103"},{"taxonomy":"post_tag","embeddable":true,"href":"https:\/\/eldiariodesanpedro.com.ar\/sitio\/wp-json\/wp\/v2\/tags?post=116103"}],"curies":[{"name":"wp","href":"https:\/\/api.w.org\/{rel}","templated":true}]}}