{"id":116097,"date":"2023-03-20T17:43:06","date_gmt":"2023-03-20T20:43:06","guid":{"rendered":"https:\/\/eldiariodesanpedro.com.ar\/sitio\/?p=116097"},"modified":"2023-03-20T17:43:08","modified_gmt":"2023-03-20T20:43:08","slug":"edicto-de-sucesion-de-eduardo-segundo-biglia","status":"publish","type":"post","link":"https:\/\/eldiariodesanpedro.com.ar\/sitio\/edicto-de-sucesion-de-eduardo-segundo-biglia\/","title":{"rendered":"Edicto de Sucesi\u00f3n de Eduardo Segundo Biglia"},"content":{"rendered":"<!-- VideographyWP Plugin Message: Automatic video embedding prevented by plugin options. -->\n\n<p>El Juzgado en lo Civil y Comercial N 1 de San Nicol\u00e1s, Secretar\u00eda \u00danica, sito en la calle Pellegrini 68 Piso PA de la ciudad de San Nicol\u00e1s Pcia de Buenos Aires, cita y emplaza para que dentro del plazo de 30 d\u00edas lo acrediten (art. 734 del CPPC y 2340 CC y C), a todos los que se consideren con derecho a los bienes dejados por el causante Biglia Eduardo Segundo. Publ\u00edquese por un d\u00eda. San Nicol\u00e1s 16 de marzo de 2023.<\/p>\n\n\n\n<p>ABOGADO SECRETARIO<br>(Publicaci\u00f3n V\u00e1lida por los d\u00edas 20, 21 y 22 de marzo de 2023)<\/p>\n","protected":false},"excerpt":{"rendered":"<p>El Juzgado en lo Civil y Comercial N 1 de San Nicol\u00e1s, Secretar\u00eda \u00danica, sito en la calle Pellegrini 68 Piso PA de la ciudad de San Nicol\u00e1s Pcia de Buenos Aires, cita y emplaza para que dentro del plazo de 30 d\u00edas lo acrediten (art. 734 del CPPC y 2340 CC y C), a [&hellip;]<\/p>\n","protected":false},"author":4,"featured_media":102746,"comment_status":"closed","ping_status":"closed","sticky":false,"template":"","format":"standard","meta":{"om_disable_all_campaigns":false,"_jetpack_memberships_contains_paid_content":false,"footnotes":""},"categories":[676,677],"tags":[197,3447,1355,19,1122],"class_list":["post-116097","post","type-post","status-publish","format-standard","has-post-thumbnail","hentry","category-edictos","category-edictos-sucesorios","tag-buenos-aires","tag-edicto-de-sucesion-de-eduardo-segundo-biglia","tag-judiciales","tag-san-pedro","tag-sucesion"],"aioseo_notices":[],"gutentor_comment":0,"jetpack_featured_media_url":"https:\/\/eldiariodesanpedro.com.ar\/sitio\/wp-content\/uploads\/2022\/01\/EDICTO.jpg","jetpack_shortlink":"https:\/\/wp.me\/p6RhLt-ucx","jetpack_sharing_enabled":true,"_links":{"self":[{"href":"https:\/\/eldiariodesanpedro.com.ar\/sitio\/wp-json\/wp\/v2\/posts\/116097","targetHints":{"allow":["GET"]}}],"collection":[{"href":"https:\/\/eldiariodesanpedro.com.ar\/sitio\/wp-json\/wp\/v2\/posts"}],"about":[{"href":"https:\/\/eldiariodesanpedro.com.ar\/sitio\/wp-json\/wp\/v2\/types\/post"}],"author":[{"embeddable":true,"href":"https:\/\/eldiariodesanpedro.com.ar\/sitio\/wp-json\/wp\/v2\/users\/4"}],"replies":[{"embeddable":true,"href":"https:\/\/eldiariodesanpedro.com.ar\/sitio\/wp-json\/wp\/v2\/comments?post=116097"}],"version-history":[{"count":1,"href":"https:\/\/eldiariodesanpedro.com.ar\/sitio\/wp-json\/wp\/v2\/posts\/116097\/revisions"}],"predecessor-version":[{"id":116098,"href":"https:\/\/eldiariodesanpedro.com.ar\/sitio\/wp-json\/wp\/v2\/posts\/116097\/revisions\/116098"}],"wp:featuredmedia":[{"embeddable":true,"href":"https:\/\/eldiariodesanpedro.com.ar\/sitio\/wp-json\/wp\/v2\/media\/102746"}],"wp:attachment":[{"href":"https:\/\/eldiariodesanpedro.com.ar\/sitio\/wp-json\/wp\/v2\/media?parent=116097"}],"wp:term":[{"taxonomy":"category","embeddable":true,"href":"https:\/\/eldiariodesanpedro.com.ar\/sitio\/wp-json\/wp\/v2\/categories?post=116097"},{"taxonomy":"post_tag","embeddable":true,"href":"https:\/\/eldiariodesanpedro.com.ar\/sitio\/wp-json\/wp\/v2\/tags?post=116097"}],"curies":[{"name":"wp","href":"https:\/\/api.w.org\/{rel}","templated":true}]}}