{"id":116093,"date":"2023-03-20T15:29:26","date_gmt":"2023-03-20T18:29:26","guid":{"rendered":"https:\/\/eldiariodesanpedro.com.ar\/sitio\/?p=116093"},"modified":"2023-03-20T15:30:26","modified_gmt":"2023-03-20T18:30:26","slug":"magnifresh-s-a-informa-el-inicio-de-la-temporada-de-empaque-de-fruta-citrica-del-periodo-2023","status":"publish","type":"post","link":"https:\/\/eldiariodesanpedro.com.ar\/sitio\/magnifresh-s-a-informa-el-inicio-de-la-temporada-de-empaque-de-fruta-citrica-del-periodo-2023\/","title":{"rendered":"Magnifresh S.A. informa el Inicio de la temporada de empaque de fruta c\u00edtrica del per\u00edodo 2023"},"content":{"rendered":"<!-- VideographyWP Plugin Message: Automatic video embedding prevented by plugin options. -->\n\n<p class=\"has-text-align-center\"><strong>MAGNIFRESH S.A.<\/strong><\/p>\n\n\n\n<p>La empresa notifica por este medio a todo el personal que a partir del d\u00eda 23\/04\/2023 comienza su v\u00ednculo laboral con la empresa con motivo del inicio de la temporada de empaque de fruta c\u00edtrica del per\u00edodo 2023 y hasta la finalizaci\u00f3n de la misma. Se notifica el inicio de la misma dando cumplimiento con lo determinado en la ley 20.744.<\/p>\n\n\n\n<p>(Publicaci\u00f3n V\u00e1lida por los d\u00edas 20, 21 y 22 de marzo de 2023)<\/p>\n","protected":false},"excerpt":{"rendered":"<p>MAGNIFRESH S.A. La empresa notifica por este medio a todo el personal que a partir del d\u00eda 23\/04\/2023 comienza su v\u00ednculo laboral con la empresa con motivo del inicio de la temporada de empaque de fruta c\u00edtrica del per\u00edodo 2023 y hasta la finalizaci\u00f3n de la misma. Se notifica el inicio de la misma dando [&hellip;]<\/p>\n","protected":false},"author":4,"featured_media":116096,"comment_status":"closed","ping_status":"closed","sticky":false,"template":"","format":"standard","meta":{"om_disable_all_campaigns":false,"_jetpack_memberships_contains_paid_content":false,"footnotes":""},"categories":[678,676],"tags":[197,19],"class_list":["post-116093","post","type-post","status-publish","format-standard","has-post-thumbnail","hentry","category-convocatorias","category-edictos","tag-buenos-aires","tag-san-pedro"],"aioseo_notices":[],"gutentor_comment":0,"jetpack_featured_media_url":"https:\/\/eldiariodesanpedro.com.ar\/sitio\/wp-content\/uploads\/2023\/03\/Magnifresh-marzo-2023-1.png","jetpack_shortlink":"https:\/\/wp.me\/p6RhLt-uct","jetpack_sharing_enabled":true,"_links":{"self":[{"href":"https:\/\/eldiariodesanpedro.com.ar\/sitio\/wp-json\/wp\/v2\/posts\/116093","targetHints":{"allow":["GET"]}}],"collection":[{"href":"https:\/\/eldiariodesanpedro.com.ar\/sitio\/wp-json\/wp\/v2\/posts"}],"about":[{"href":"https:\/\/eldiariodesanpedro.com.ar\/sitio\/wp-json\/wp\/v2\/types\/post"}],"author":[{"embeddable":true,"href":"https:\/\/eldiariodesanpedro.com.ar\/sitio\/wp-json\/wp\/v2\/users\/4"}],"replies":[{"embeddable":true,"href":"https:\/\/eldiariodesanpedro.com.ar\/sitio\/wp-json\/wp\/v2\/comments?post=116093"}],"version-history":[{"count":1,"href":"https:\/\/eldiariodesanpedro.com.ar\/sitio\/wp-json\/wp\/v2\/posts\/116093\/revisions"}],"predecessor-version":[{"id":116095,"href":"https:\/\/eldiariodesanpedro.com.ar\/sitio\/wp-json\/wp\/v2\/posts\/116093\/revisions\/116095"}],"wp:featuredmedia":[{"embeddable":true,"href":"https:\/\/eldiariodesanpedro.com.ar\/sitio\/wp-json\/wp\/v2\/media\/116096"}],"wp:attachment":[{"href":"https:\/\/eldiariodesanpedro.com.ar\/sitio\/wp-json\/wp\/v2\/media?parent=116093"}],"wp:term":[{"taxonomy":"category","embeddable":true,"href":"https:\/\/eldiariodesanpedro.com.ar\/sitio\/wp-json\/wp\/v2\/categories?post=116093"},{"taxonomy":"post_tag","embeddable":true,"href":"https:\/\/eldiariodesanpedro.com.ar\/sitio\/wp-json\/wp\/v2\/tags?post=116093"}],"curies":[{"name":"wp","href":"https:\/\/api.w.org\/{rel}","templated":true}]}}