{"id":116087,"date":"2023-03-20T13:26:07","date_gmt":"2023-03-20T16:26:07","guid":{"rendered":"https:\/\/eldiariodesanpedro.com.ar\/sitio\/?p=116087"},"modified":"2023-03-20T13:26:09","modified_gmt":"2023-03-20T16:26:09","slug":"accidente-de-transito-este-domingo-en-av-espana","status":"publish","type":"post","link":"https:\/\/eldiariodesanpedro.com.ar\/sitio\/accidente-de-transito-este-domingo-en-av-espana\/","title":{"rendered":"Accidente de tr\u00e1nsito este domingo en Av. Espa\u00f1a"},"content":{"rendered":"<!-- VideographyWP Plugin Message: Automatic video embedding prevented by plugin options. -->\n\n<p>En la jornada de ayer domingo el personal policial de la comisar\u00eda local a ra\u00edz de&nbsp; un llamado al 911 acude a Av. Espa\u00f1a y R\u00f3mulo Nahon, donde por razones que se tratan de establecer colisiona camioneta Jeep modelo Grand Cherockee Laredo CDR, de color gris, conducida por masculino de 64 a\u00f1os de edad, contra motocicleta marca Honda Titan 125 cc de color azul, conducida por masculino de 18 a\u00f1os de edad.<\/p>\n\n\n\n<p>Como resultado del impacto el motociclista fue trasladado por ambulancia de 107 hacia la Guardia de nosocomio local donde posteriormente informan que presenta lesiones de car\u00e1cter leves.<\/p>\n","protected":false},"excerpt":{"rendered":"<p>En la jornada de ayer domingo el personal policial de la comisar\u00eda local a ra\u00edz de&nbsp; un llamado al 911 acude a Av. Espa\u00f1a y R\u00f3mulo Nahon, donde por razones que se tratan de establecer colisiona camioneta Jeep modelo Grand Cherockee Laredo CDR, de color gris, conducida por masculino de 64 a\u00f1os de edad, contra [&hellip;]<\/p>\n","protected":false},"author":4,"featured_media":116088,"comment_status":"closed","ping_status":"closed","sticky":false,"template":"","format":"standard","meta":{"om_disable_all_campaigns":false,"_jetpack_memberships_contains_paid_content":false,"footnotes":""},"categories":[2,103],"tags":[197,33,95,19],"class_list":["post-116087","post","type-post","status-publish","format-standard","has-post-thumbnail","hentry","category-locales","category-policiales-locales","tag-buenos-aires","tag-locales","tag-policiales","tag-san-pedro"],"aioseo_notices":[],"gutentor_comment":0,"jetpack_featured_media_url":"https:\/\/eldiariodesanpedro.com.ar\/sitio\/wp-content\/uploads\/2023\/03\/1-1.jpg","jetpack_shortlink":"https:\/\/wp.me\/p6RhLt-ucn","jetpack_sharing_enabled":true,"_links":{"self":[{"href":"https:\/\/eldiariodesanpedro.com.ar\/sitio\/wp-json\/wp\/v2\/posts\/116087","targetHints":{"allow":["GET"]}}],"collection":[{"href":"https:\/\/eldiariodesanpedro.com.ar\/sitio\/wp-json\/wp\/v2\/posts"}],"about":[{"href":"https:\/\/eldiariodesanpedro.com.ar\/sitio\/wp-json\/wp\/v2\/types\/post"}],"author":[{"embeddable":true,"href":"https:\/\/eldiariodesanpedro.com.ar\/sitio\/wp-json\/wp\/v2\/users\/4"}],"replies":[{"embeddable":true,"href":"https:\/\/eldiariodesanpedro.com.ar\/sitio\/wp-json\/wp\/v2\/comments?post=116087"}],"version-history":[{"count":1,"href":"https:\/\/eldiariodesanpedro.com.ar\/sitio\/wp-json\/wp\/v2\/posts\/116087\/revisions"}],"predecessor-version":[{"id":116089,"href":"https:\/\/eldiariodesanpedro.com.ar\/sitio\/wp-json\/wp\/v2\/posts\/116087\/revisions\/116089"}],"wp:featuredmedia":[{"embeddable":true,"href":"https:\/\/eldiariodesanpedro.com.ar\/sitio\/wp-json\/wp\/v2\/media\/116088"}],"wp:attachment":[{"href":"https:\/\/eldiariodesanpedro.com.ar\/sitio\/wp-json\/wp\/v2\/media?parent=116087"}],"wp:term":[{"taxonomy":"category","embeddable":true,"href":"https:\/\/eldiariodesanpedro.com.ar\/sitio\/wp-json\/wp\/v2\/categories?post=116087"},{"taxonomy":"post_tag","embeddable":true,"href":"https:\/\/eldiariodesanpedro.com.ar\/sitio\/wp-json\/wp\/v2\/tags?post=116087"}],"curies":[{"name":"wp","href":"https:\/\/api.w.org\/{rel}","templated":true}]}}