{"id":116078,"date":"2023-03-20T12:27:35","date_gmt":"2023-03-20T15:27:35","guid":{"rendered":"https:\/\/eldiariodesanpedro.com.ar\/sitio\/?p=116078"},"modified":"2023-03-20T12:27:37","modified_gmt":"2023-03-20T15:27:37","slug":"rio-tala-celebrara-este-domingo-la-fiesta-de-la-batata-con-la-presentacion-de-nico-mattioli-y-el-polaco-entre-otros-artistas","status":"publish","type":"post","link":"https:\/\/eldiariodesanpedro.com.ar\/sitio\/rio-tala-celebrara-este-domingo-la-fiesta-de-la-batata-con-la-presentacion-de-nico-mattioli-y-el-polaco-entre-otros-artistas\/","title":{"rendered":"Rio Tala celebrara este domingo la Fiesta de la Batata con la presentaci\u00f3n de Nico Mattioli y El Polaco entre otros artistas"},"content":{"rendered":"<!-- VideographyWP Plugin Message: Automatic video embedding prevented by plugin options. -->\n\n<p>La Fiesta de la Batata convoca a sampedrinos y turistas el pr\u00f3ximo domingo 26 de marzo en la cancha de Las Palmeras con entrada libre y gratuita. En una conferencia de prensa en la Casona de la Secretar\u00eda de Turismo y Cultura se compartieron los detalles del regreso de esta fiesta muy esperada en la localidad.<\/p>\n\n\n\n<iframe data-src=\"https:\/\/www.facebook.com\/plugins\/video.php?height=314&#038;href=https%3A%2F%2Fwww.facebook.com%2Fdiariosp2%2Fvideos%2F1370503853709018%2F&#038;show_text=false&#038;width=560&#038;t=0\" width=\"560\" height=\"314\" style=\"border:none;overflow:hidden\" scrolling=\"no\" frameborder=\"0\" allowfullscreen=\"true\" allow=\"autoplay; clipboard-write; encrypted-media; picture-in-picture; web-share\" allowFullScreen=\"true\" src=\"data:image\/svg+xml;base64,PHN2ZyB3aWR0aD0iMSIgaGVpZ2h0PSIxIiB4bWxucz0iaHR0cDovL3d3dy53My5vcmcvMjAwMC9zdmciPjwvc3ZnPg==\" class=\"lazyload\" data-load-mode=\"1\"><\/iframe>\n\n\n\n<p>El delegado municipal Walter D\u00edaz, el Coordinador de Producci\u00f3n Hugo Ram\u00edrez, el Presidente de la Comisi\u00f3n de Fomento Benjam\u00edn Torres, Federico Navarro en representaci\u00f3n del Club Las Palmeras y la Secretaria de Turismo y Cultura Marcela Cu\u00f1er, destacaron la gran expectativa que ha generado esta fiesta.<\/p>\n\n\n\n<p>Continuando con el plan impulsado por la gesti\u00f3n del Intendente Ram\u00f3n Salazar de llevar a cada localidad un encuentro popular para sus residentes y para quienes deseen sumarse, la Fiesta de la Batata enaltece una de las producciones m\u00e1s importantes del Partido de San Pedro, que genera fuentes de trabajo y un gran movimiento econ\u00f3mico en toda la zona.<\/p>\n\n\n\n<p>Desde la Comisi\u00f3n de Fomento de la localidad se invit\u00f3 adem\u00e1s a quienes concurran a aportar alimentos no perecederos que ser\u00e1n donados a los centros comunitarios de la zona.<\/p>\n\n\n\n<p>La programaci\u00f3n prevista es la siguiente:<br>15:00 Malambo (Pialando Recuerdos)<br>15:20 Danzas \u00c1rabes (Angelica Soka)<br>15:40 Oro Verde<br>16:00 Miguel Ar\u00e9valo<br>16:40 El Le\u00f3n Talense<br>17:30 Roc\u00edo Guilmen<br>18:00 Yuyo Gonzalo<br>19:00 Cristian El Inicio<br>20:00 Nico Mattioli<br>21:00 El Polaco<\/p>\n\n\n\n<p>La Secretar\u00eda de Turismo ha dispuesto como en otras fiestas, un transporte gratuito que partir\u00e1 a las 14 horas desde Mitre y Linieras y regresar\u00e1 al final del espect\u00e1culo. Para confirmar un lugar se debe realizar la reserva en la Casona de Turismo o llamando al 422050.<\/p>\n\n\n\n<figure class=\"wp-block-image size-full\"><img decoding=\"async\" width=\"630\" height=\"630\" data-attachment-id=\"116080\" data-permalink=\"https:\/\/eldiariodesanpedro.com.ar\/sitio\/rio-tala-celebrara-este-domingo-la-fiesta-de-la-batata-con-la-presentacion-de-nico-mattioli-y-el-polaco-entre-otros-artistas\/whatsapp-image-2023-03-20-at-12-18-20\/\" data-orig-file=\"https:\/\/eldiariodesanpedro.com.ar\/sitio\/wp-content\/uploads\/2023\/03\/WhatsApp-Image-2023-03-20-at-12.18.20.jpeg\" data-orig-size=\"630,630\" data-comments-opened=\"0\" data-image-meta=\"{&quot;aperture&quot;:&quot;0&quot;,&quot;credit&quot;:&quot;&quot;,&quot;camera&quot;:&quot;&quot;,&quot;caption&quot;:&quot;&quot;,&quot;created_timestamp&quot;:&quot;0&quot;,&quot;copyright&quot;:&quot;&quot;,&quot;focal_length&quot;:&quot;0&quot;,&quot;iso&quot;:&quot;0&quot;,&quot;shutter_speed&quot;:&quot;0&quot;,&quot;title&quot;:&quot;&quot;,&quot;orientation&quot;:&quot;0&quot;}\" data-image-title=\"WhatsApp Image 2023-03-20 at 12.18.20\" data-image-description=\"\" data-image-caption=\"\" data-large-file=\"https:\/\/eldiariodesanpedro.com.ar\/sitio\/wp-content\/uploads\/2023\/03\/WhatsApp-Image-2023-03-20-at-12.18.20.jpeg\" data-src=\"https:\/\/eldiariodesanpedro.com.ar\/sitio\/wp-content\/uploads\/2023\/03\/WhatsApp-Image-2023-03-20-at-12.18.20.jpeg\" alt=\"\" class=\"wp-image-116080 lazyload\" data-srcset=\"https:\/\/eldiariodesanpedro.com.ar\/sitio\/wp-content\/uploads\/2023\/03\/WhatsApp-Image-2023-03-20-at-12.18.20.jpeg 630w, https:\/\/eldiariodesanpedro.com.ar\/sitio\/wp-content\/uploads\/2023\/03\/WhatsApp-Image-2023-03-20-at-12.18.20-300x300.jpeg 300w, https:\/\/eldiariodesanpedro.com.ar\/sitio\/wp-content\/uploads\/2023\/03\/WhatsApp-Image-2023-03-20-at-12.18.20-150x150.jpeg 150w\" data-sizes=\"(max-width: 630px) 100vw, 630px\" src=\"data:image\/svg+xml;base64,PHN2ZyB3aWR0aD0iMSIgaGVpZ2h0PSIxIiB4bWxucz0iaHR0cDovL3d3dy53My5vcmcvMjAwMC9zdmciPjwvc3ZnPg==\" style=\"--smush-placeholder-width: 630px; --smush-placeholder-aspect-ratio: 630\/630;\" \/><\/figure>\n\n\n\n<figure class=\"wp-block-image size-large\"><img decoding=\"async\" width=\"1024\" height=\"461\" data-attachment-id=\"116081\" data-permalink=\"https:\/\/eldiariodesanpedro.com.ar\/sitio\/rio-tala-celebrara-este-domingo-la-fiesta-de-la-batata-con-la-presentacion-de-nico-mattioli-y-el-polaco-entre-otros-artistas\/whatsapp-image-2023-03-20-at-12-18-21\/\" data-orig-file=\"https:\/\/eldiariodesanpedro.com.ar\/sitio\/wp-content\/uploads\/2023\/03\/WhatsApp-Image-2023-03-20-at-12.18.21.jpeg\" data-orig-size=\"1200,540\" data-comments-opened=\"0\" data-image-meta=\"{&quot;aperture&quot;:&quot;0&quot;,&quot;credit&quot;:&quot;&quot;,&quot;camera&quot;:&quot;&quot;,&quot;caption&quot;:&quot;&quot;,&quot;created_timestamp&quot;:&quot;0&quot;,&quot;copyright&quot;:&quot;&quot;,&quot;focal_length&quot;:&quot;0&quot;,&quot;iso&quot;:&quot;0&quot;,&quot;shutter_speed&quot;:&quot;0&quot;,&quot;title&quot;:&quot;&quot;,&quot;orientation&quot;:&quot;0&quot;}\" data-image-title=\"WhatsApp Image 2023-03-20 at 12.18.21\" data-image-description=\"\" data-image-caption=\"\" data-large-file=\"https:\/\/eldiariodesanpedro.com.ar\/sitio\/wp-content\/uploads\/2023\/03\/WhatsApp-Image-2023-03-20-at-12.18.21-1024x461.jpeg\" data-src=\"https:\/\/eldiariodesanpedro.com.ar\/sitio\/wp-content\/uploads\/2023\/03\/WhatsApp-Image-2023-03-20-at-12.18.21-1024x461.jpeg\" alt=\"\" class=\"wp-image-116081 lazyload\" data-srcset=\"https:\/\/eldiariodesanpedro.com.ar\/sitio\/wp-content\/uploads\/2023\/03\/WhatsApp-Image-2023-03-20-at-12.18.21-1024x461.jpeg 1024w, https:\/\/eldiariodesanpedro.com.ar\/sitio\/wp-content\/uploads\/2023\/03\/WhatsApp-Image-2023-03-20-at-12.18.21-300x135.jpeg 300w, https:\/\/eldiariodesanpedro.com.ar\/sitio\/wp-content\/uploads\/2023\/03\/WhatsApp-Image-2023-03-20-at-12.18.21-768x346.jpeg 768w, https:\/\/eldiariodesanpedro.com.ar\/sitio\/wp-content\/uploads\/2023\/03\/WhatsApp-Image-2023-03-20-at-12.18.21.jpeg 1200w\" data-sizes=\"(max-width: 1024px) 100vw, 1024px\" src=\"data:image\/svg+xml;base64,PHN2ZyB3aWR0aD0iMSIgaGVpZ2h0PSIxIiB4bWxucz0iaHR0cDovL3d3dy53My5vcmcvMjAwMC9zdmciPjwvc3ZnPg==\" style=\"--smush-placeholder-width: 1024px; --smush-placeholder-aspect-ratio: 1024\/461;\" \/><\/figure>\n\n\n\n<figure class=\"wp-block-image size-large\"><img decoding=\"async\" width=\"1024\" height=\"461\" data-attachment-id=\"116083\" data-permalink=\"https:\/\/eldiariodesanpedro.com.ar\/sitio\/rio-tala-celebrara-este-domingo-la-fiesta-de-la-batata-con-la-presentacion-de-nico-mattioli-y-el-polaco-entre-otros-artistas\/whatsapp-image-2023-03-20-at-12-18-24-1\/\" data-orig-file=\"https:\/\/eldiariodesanpedro.com.ar\/sitio\/wp-content\/uploads\/2023\/03\/WhatsApp-Image-2023-03-20-at-12.18.24-1.jpeg\" data-orig-size=\"1200,540\" data-comments-opened=\"0\" data-image-meta=\"{&quot;aperture&quot;:&quot;0&quot;,&quot;credit&quot;:&quot;&quot;,&quot;camera&quot;:&quot;&quot;,&quot;caption&quot;:&quot;&quot;,&quot;created_timestamp&quot;:&quot;0&quot;,&quot;copyright&quot;:&quot;&quot;,&quot;focal_length&quot;:&quot;0&quot;,&quot;iso&quot;:&quot;0&quot;,&quot;shutter_speed&quot;:&quot;0&quot;,&quot;title&quot;:&quot;&quot;,&quot;orientation&quot;:&quot;0&quot;}\" data-image-title=\"WhatsApp Image 2023-03-20 at 12.18.24 (1)\" data-image-description=\"\" data-image-caption=\"\" data-large-file=\"https:\/\/eldiariodesanpedro.com.ar\/sitio\/wp-content\/uploads\/2023\/03\/WhatsApp-Image-2023-03-20-at-12.18.24-1-1024x461.jpeg\" data-src=\"https:\/\/eldiariodesanpedro.com.ar\/sitio\/wp-content\/uploads\/2023\/03\/WhatsApp-Image-2023-03-20-at-12.18.24-1-1024x461.jpeg\" alt=\"\" class=\"wp-image-116083 lazyload\" data-srcset=\"https:\/\/eldiariodesanpedro.com.ar\/sitio\/wp-content\/uploads\/2023\/03\/WhatsApp-Image-2023-03-20-at-12.18.24-1-1024x461.jpeg 1024w, https:\/\/eldiariodesanpedro.com.ar\/sitio\/wp-content\/uploads\/2023\/03\/WhatsApp-Image-2023-03-20-at-12.18.24-1-300x135.jpeg 300w, https:\/\/eldiariodesanpedro.com.ar\/sitio\/wp-content\/uploads\/2023\/03\/WhatsApp-Image-2023-03-20-at-12.18.24-1-768x346.jpeg 768w, https:\/\/eldiariodesanpedro.com.ar\/sitio\/wp-content\/uploads\/2023\/03\/WhatsApp-Image-2023-03-20-at-12.18.24-1.jpeg 1200w\" data-sizes=\"(max-width: 1024px) 100vw, 1024px\" src=\"data:image\/svg+xml;base64,PHN2ZyB3aWR0aD0iMSIgaGVpZ2h0PSIxIiB4bWxucz0iaHR0cDovL3d3dy53My5vcmcvMjAwMC9zdmciPjwvc3ZnPg==\" style=\"--smush-placeholder-width: 1024px; --smush-placeholder-aspect-ratio: 1024\/461;\" \/><\/figure>\n\n\n\n<p>Lugar a realizarse: <\/p>\n\n\n\n<iframe data-src=\"https:\/\/www.google.com\/maps\/embed?pb=!1m18!1m12!1m3!1d1172.6064847894806!2d-59.63759575210434!3d-33.77017448225055!2m3!1f0!2f0!3f0!3m2!1i1024!2i768!4f13.1!3m3!1m2!1s0x95ba3adc5988d3e9%3A0xe692195e5bd48a6!2sClub%20Sportivo%20Las%20Palmeras!5e0!3m2!1ses!2sar!4v1679325887101!5m2!1ses!2sar\" width=\"600\" height=\"450\" style=\"border:0;\" allowfullscreen=\"\" referrerpolicy=\"no-referrer-when-downgrade\" src=\"data:image\/svg+xml;base64,PHN2ZyB3aWR0aD0iMSIgaGVpZ2h0PSIxIiB4bWxucz0iaHR0cDovL3d3dy53My5vcmcvMjAwMC9zdmciPjwvc3ZnPg==\" class=\"lazyload\" data-load-mode=\"1\"><\/iframe>\n","protected":false},"excerpt":{"rendered":"<p>La Fiesta de la Batata convoca a sampedrinos y turistas el pr\u00f3ximo domingo 26 de marzo en la cancha de Las Palmeras con entrada libre y gratuita. En una conferencia de prensa en la Casona de la Secretar\u00eda de Turismo y Cultura se compartieron los detalles del regreso de esta fiesta muy esperada en la [&hellip;]<\/p>\n","protected":false},"author":4,"featured_media":116079,"comment_status":"closed","ping_status":"closed","sticky":false,"template":"","format":"standard","meta":{"om_disable_all_campaigns":false,"_jetpack_memberships_contains_paid_content":false,"footnotes":""},"categories":[50,101,2],"tags":[197,696,33,19],"class_list":["post-116078","post","type-post","status-publish","format-standard","has-post-thumbnail","hentry","category-destacadas","category-interes-general-locales","category-locales","tag-buenos-aires","tag-interes-general","tag-locales","tag-san-pedro"],"aioseo_notices":[],"gutentor_comment":0,"jetpack_featured_media_url":"https:\/\/eldiariodesanpedro.com.ar\/sitio\/wp-content\/uploads\/2023\/03\/medida-23.jpg","jetpack_shortlink":"https:\/\/wp.me\/p6RhLt-uce","jetpack_sharing_enabled":true,"_links":{"self":[{"href":"https:\/\/eldiariodesanpedro.com.ar\/sitio\/wp-json\/wp\/v2\/posts\/116078","targetHints":{"allow":["GET"]}}],"collection":[{"href":"https:\/\/eldiariodesanpedro.com.ar\/sitio\/wp-json\/wp\/v2\/posts"}],"about":[{"href":"https:\/\/eldiariodesanpedro.com.ar\/sitio\/wp-json\/wp\/v2\/types\/post"}],"author":[{"embeddable":true,"href":"https:\/\/eldiariodesanpedro.com.ar\/sitio\/wp-json\/wp\/v2\/users\/4"}],"replies":[{"embeddable":true,"href":"https:\/\/eldiariodesanpedro.com.ar\/sitio\/wp-json\/wp\/v2\/comments?post=116078"}],"version-history":[{"count":1,"href":"https:\/\/eldiariodesanpedro.com.ar\/sitio\/wp-json\/wp\/v2\/posts\/116078\/revisions"}],"predecessor-version":[{"id":116085,"href":"https:\/\/eldiariodesanpedro.com.ar\/sitio\/wp-json\/wp\/v2\/posts\/116078\/revisions\/116085"}],"wp:featuredmedia":[{"embeddable":true,"href":"https:\/\/eldiariodesanpedro.com.ar\/sitio\/wp-json\/wp\/v2\/media\/116079"}],"wp:attachment":[{"href":"https:\/\/eldiariodesanpedro.com.ar\/sitio\/wp-json\/wp\/v2\/media?parent=116078"}],"wp:term":[{"taxonomy":"category","embeddable":true,"href":"https:\/\/eldiariodesanpedro.com.ar\/sitio\/wp-json\/wp\/v2\/categories?post=116078"},{"taxonomy":"post_tag","embeddable":true,"href":"https:\/\/eldiariodesanpedro.com.ar\/sitio\/wp-json\/wp\/v2\/tags?post=116078"}],"curies":[{"name":"wp","href":"https:\/\/api.w.org\/{rel}","templated":true}]}}