{"id":116076,"date":"2023-03-20T11:37:36","date_gmt":"2023-03-20T14:37:36","guid":{"rendered":"https:\/\/eldiariodesanpedro.com.ar\/sitio\/?p=116076"},"modified":"2023-03-20T11:37:38","modified_gmt":"2023-03-20T14:37:38","slug":"desbaratan-en-cordoba-una-banda-que-robo-en-arrecifes-y-serian-quienes-robaron-la-familia-slovinsky","status":"publish","type":"post","link":"https:\/\/eldiariodesanpedro.com.ar\/sitio\/desbaratan-en-cordoba-una-banda-que-robo-en-arrecifes-y-serian-quienes-robaron-la-familia-slovinsky\/","title":{"rendered":"Desbaratan en C\u00f3rdoba una banda que rob\u00f3 en Arrecifes y serian quienes robaron la familia Slovinsky"},"content":{"rendered":"<!-- VideographyWP Plugin Message: Automatic video embedding prevented by plugin options. -->\n\n<p>La detenci\u00f3n de varias personas en la provincia de C\u00f3rdoba por un hecho acontecido en Arrecifes reactivan las sospechas de que podr\u00eda tratarse de los mismos delincuentes que asaltaron a la familia Slovinsky.<\/p>\n\n\n\n<p>Pocas horas despu\u00e9s de cometido el asalto a la familia Slovinsky el pasado 11 de febrero un trabajo puntual de la Polic\u00eda y la Secretaria de Seguridad permitieron establecer que la camioneta Nissan Kicks de color gris y con techo naranja que utilizaron los tres delincuentes que participaron del hecho estaba domiciliada en la ciudad de C\u00f3rdoba capital.<\/p>\n\n\n\n<p>A partir de all\u00ed el fiscal Marcelo Manso, en ese momento a cargo de la causa, solicit\u00f3 distintas diligencias a la justicia cordobesa para actuar de inmediato y esclarecer el hecho pero lamentablemente nunca tuvo respuestas.<\/p>\n\n\n\n<p>El objetivo era el de poder identificar al propietario del veh\u00edculo, que ser\u00eda un profesional de unos 80 a\u00f1os y a partir de all\u00ed, si era necesario, a su entorno.<\/p>\n\n\n\n<p>Por ahora la causa est\u00e1 estancada y poco se sabe de la investigaci\u00f3n que corresponde a la fiscal\u00eda 11.<\/p>\n\n\n\n<p>De todos modos por estos d\u00edas se supo que la polic\u00eda de Arrecifes, conjuntamente con la ayudant\u00eda fiscal y Secretaria de Seguridad obtuvieron datos precisos y pudieron efectuar varios allanamientos en C\u00f3rdoba capital y as\u00ed detener a tres personas sospechadas de participar de un robo perpetrado en la casa de la familia Manzotti, en Arrecifes, hecho acontecido el 14 de febrero.<\/p>\n\n\n\n<p>Es decir, tres d\u00edas despu\u00e9s del il\u00edcito cometido en nuestra ciudad y con algunas caracter\u00edsticas similares. Por ejemplo los pocos d\u00edas de diferencia, la modalidad implementada, que le sucedi\u00f3 a una familia puntual, que eran tres personas y la relaci\u00f3n directa con la provincia de C\u00f3rdoba, es decir, demasiados coincidencias como para no movilizarse.<\/p>\n\n\n\n<p>Son muchas las preguntas que a\u00fan dan vueltas en turno al hecho cometido en la casa de la familia Slovinsky. Seguramente los delincuentes contaban con un apoyo local ya que el rodado Nissan ingres\u00f3 unas tres horas antes a la ciudad por la Ruta 191, recorri\u00f3 varias calles, y despu\u00e9s de fracasar el atraco se retiraron pero estuvieron unos veinte minutos dando vueltas y con uno de los delincuentes heridos hasta retirarse por la Ruta 1001 en sentido a R\u00edo Tala.<\/p>\n\n\n\n<p>Claramente alguno de los malvivientes que iba arriba de la camioneta conoc\u00eda la ciudad.<\/p>\n","protected":false},"excerpt":{"rendered":"<p>La detenci\u00f3n de varias personas en la provincia de C\u00f3rdoba por un hecho acontecido en Arrecifes reactivan las sospechas de que podr\u00eda tratarse de los mismos delincuentes que asaltaron a la familia Slovinsky. Pocas horas despu\u00e9s de cometido el asalto a la familia Slovinsky el pasado 11 de febrero un trabajo puntual de la Polic\u00eda [&hellip;]<\/p>\n","protected":false},"author":4,"featured_media":115000,"comment_status":"closed","ping_status":"closed","sticky":false,"template":"","format":"standard","meta":{"om_disable_all_campaigns":false,"_jetpack_memberships_contains_paid_content":false,"footnotes":""},"categories":[50,2,103],"tags":[197,33,95,19],"class_list":["post-116076","post","type-post","status-publish","format-standard","has-post-thumbnail","hentry","category-destacadas","category-locales","category-policiales-locales","tag-buenos-aires","tag-locales","tag-policiales","tag-san-pedro"],"aioseo_notices":[],"gutentor_comment":0,"jetpack_featured_media_url":"https:\/\/eldiariodesanpedro.com.ar\/sitio\/wp-content\/uploads\/2023\/02\/WhatsApp-Image-2023-02-14-at-12.29.17.jpeg","jetpack_shortlink":"https:\/\/wp.me\/p6RhLt-ucc","jetpack_sharing_enabled":true,"_links":{"self":[{"href":"https:\/\/eldiariodesanpedro.com.ar\/sitio\/wp-json\/wp\/v2\/posts\/116076","targetHints":{"allow":["GET"]}}],"collection":[{"href":"https:\/\/eldiariodesanpedro.com.ar\/sitio\/wp-json\/wp\/v2\/posts"}],"about":[{"href":"https:\/\/eldiariodesanpedro.com.ar\/sitio\/wp-json\/wp\/v2\/types\/post"}],"author":[{"embeddable":true,"href":"https:\/\/eldiariodesanpedro.com.ar\/sitio\/wp-json\/wp\/v2\/users\/4"}],"replies":[{"embeddable":true,"href":"https:\/\/eldiariodesanpedro.com.ar\/sitio\/wp-json\/wp\/v2\/comments?post=116076"}],"version-history":[{"count":1,"href":"https:\/\/eldiariodesanpedro.com.ar\/sitio\/wp-json\/wp\/v2\/posts\/116076\/revisions"}],"predecessor-version":[{"id":116077,"href":"https:\/\/eldiariodesanpedro.com.ar\/sitio\/wp-json\/wp\/v2\/posts\/116076\/revisions\/116077"}],"wp:featuredmedia":[{"embeddable":true,"href":"https:\/\/eldiariodesanpedro.com.ar\/sitio\/wp-json\/wp\/v2\/media\/115000"}],"wp:attachment":[{"href":"https:\/\/eldiariodesanpedro.com.ar\/sitio\/wp-json\/wp\/v2\/media?parent=116076"}],"wp:term":[{"taxonomy":"category","embeddable":true,"href":"https:\/\/eldiariodesanpedro.com.ar\/sitio\/wp-json\/wp\/v2\/categories?post=116076"},{"taxonomy":"post_tag","embeddable":true,"href":"https:\/\/eldiariodesanpedro.com.ar\/sitio\/wp-json\/wp\/v2\/tags?post=116076"}],"curies":[{"name":"wp","href":"https:\/\/api.w.org\/{rel}","templated":true}]}}