{"id":116074,"date":"2023-03-20T11:28:32","date_gmt":"2023-03-20T14:28:32","guid":{"rendered":"https:\/\/eldiariodesanpedro.com.ar\/sitio\/?p=116074"},"modified":"2023-03-20T11:28:39","modified_gmt":"2023-03-20T14:28:39","slug":"este-sabado-de-madrugada-un-motociclista-fallecio-al-caer-de-su-moto","status":"publish","type":"post","link":"https:\/\/eldiariodesanpedro.com.ar\/sitio\/este-sabado-de-madrugada-un-motociclista-fallecio-al-caer-de-su-moto\/","title":{"rendered":"Este sabado de madrugada un motociclista falleci\u00f3 al caer de su moto"},"content":{"rendered":"<!-- VideographyWP Plugin Message: Automatic video embedding prevented by plugin options. -->\n\n<p>Un hombre identificado como Carlos Enrique Mi\u00f1o, de 35 a\u00f1os, muri\u00f3 cuando transitaban con su moto por el radio urbano, cay\u00f3 del rodado y di\u00f3 su cabeza contra el suelo.<\/p>\n\n\n\n<p>Un motociclista de 35 a\u00f1os identificado como Carlos Enrique Mi\u00f1o falleci\u00f3 durante las primeras horas del s\u00e1bado al caer de su moto cuando circulaba por el radio urbano de la ciudad.<\/p>\n\n\n\n<p>El incidente se produjo alrededor de las 5 horas en la intersecci\u00f3n de las calles 11 de Septiembre y Lavalle.<\/p>\n\n\n\n<p>Mi\u00f1o transitaba con su moto marca Motomel 110 por 11 de Septiembre en sentido al r\u00edo y unos metros antes de llegar a Lavalle cay\u00f3 y d\u00edo su cabeza contra el pavimento falleciendo pr\u00e1cticamente en el acto.<\/p>\n\n\n\n<p>Las pericias y autopsia determinar\u00e1n qu\u00e9 fue lo que sucedi\u00f3 ya que en primera instancia las c\u00e1maras del lugar no muestran la participaci\u00f3n de otro veh\u00edculos o personas en el accidente, de todos modos vecinos del lugar remarcaron la presencia de un desnivel en la calle que tranquilamente podr\u00eda haber ocasionado la ca\u00edda del malogrado motociclista.<\/p>\n","protected":false},"excerpt":{"rendered":"<p>Un hombre identificado como Carlos Enrique Mi\u00f1o, de 35 a\u00f1os, muri\u00f3 cuando transitaban con su moto por el radio urbano, cay\u00f3 del rodado y di\u00f3 su cabeza contra el suelo. Un motociclista de 35 a\u00f1os identificado como Carlos Enrique Mi\u00f1o falleci\u00f3 durante las primeras horas del s\u00e1bado al caer de su moto cuando circulaba por [&hellip;]<\/p>\n","protected":false},"author":4,"featured_media":107347,"comment_status":"closed","ping_status":"closed","sticky":false,"template":"","format":"standard","meta":{"om_disable_all_campaigns":false,"_jetpack_memberships_contains_paid_content":false,"footnotes":""},"categories":[50,2,103],"tags":[197,33,95,19],"class_list":["post-116074","post","type-post","status-publish","format-standard","has-post-thumbnail","hentry","category-destacadas","category-locales","category-policiales-locales","tag-buenos-aires","tag-locales","tag-policiales","tag-san-pedro"],"aioseo_notices":[],"gutentor_comment":0,"jetpack_featured_media_url":"https:\/\/eldiariodesanpedro.com.ar\/sitio\/wp-content\/uploads\/2022\/05\/Accidente-San-Lorenzo.jpg","jetpack_shortlink":"https:\/\/wp.me\/p6RhLt-uca","jetpack_sharing_enabled":true,"_links":{"self":[{"href":"https:\/\/eldiariodesanpedro.com.ar\/sitio\/wp-json\/wp\/v2\/posts\/116074","targetHints":{"allow":["GET"]}}],"collection":[{"href":"https:\/\/eldiariodesanpedro.com.ar\/sitio\/wp-json\/wp\/v2\/posts"}],"about":[{"href":"https:\/\/eldiariodesanpedro.com.ar\/sitio\/wp-json\/wp\/v2\/types\/post"}],"author":[{"embeddable":true,"href":"https:\/\/eldiariodesanpedro.com.ar\/sitio\/wp-json\/wp\/v2\/users\/4"}],"replies":[{"embeddable":true,"href":"https:\/\/eldiariodesanpedro.com.ar\/sitio\/wp-json\/wp\/v2\/comments?post=116074"}],"version-history":[{"count":1,"href":"https:\/\/eldiariodesanpedro.com.ar\/sitio\/wp-json\/wp\/v2\/posts\/116074\/revisions"}],"predecessor-version":[{"id":116075,"href":"https:\/\/eldiariodesanpedro.com.ar\/sitio\/wp-json\/wp\/v2\/posts\/116074\/revisions\/116075"}],"wp:featuredmedia":[{"embeddable":true,"href":"https:\/\/eldiariodesanpedro.com.ar\/sitio\/wp-json\/wp\/v2\/media\/107347"}],"wp:attachment":[{"href":"https:\/\/eldiariodesanpedro.com.ar\/sitio\/wp-json\/wp\/v2\/media?parent=116074"}],"wp:term":[{"taxonomy":"category","embeddable":true,"href":"https:\/\/eldiariodesanpedro.com.ar\/sitio\/wp-json\/wp\/v2\/categories?post=116074"},{"taxonomy":"post_tag","embeddable":true,"href":"https:\/\/eldiariodesanpedro.com.ar\/sitio\/wp-json\/wp\/v2\/tags?post=116074"}],"curies":[{"name":"wp","href":"https:\/\/api.w.org\/{rel}","templated":true}]}}