{"id":116071,"date":"2023-03-20T11:19:40","date_gmt":"2023-03-20T14:19:40","guid":{"rendered":"https:\/\/eldiariodesanpedro.com.ar\/sitio\/?p=116071"},"modified":"2023-03-20T11:19:42","modified_gmt":"2023-03-20T14:19:42","slug":"comenzo-el-recambio-de-las-garitas-de-colectivos","status":"publish","type":"post","link":"https:\/\/eldiariodesanpedro.com.ar\/sitio\/comenzo-el-recambio-de-las-garitas-de-colectivos\/","title":{"rendered":"Comenz\u00f3 el recambio de las garitas de colectivos"},"content":{"rendered":"<!-- VideographyWP Plugin Message: Automatic video embedding prevented by plugin options. -->\n\n<p>En el transcurso de la \u00faltima semana se inici\u00f3 el reemplazo de los viejos refugios por unos m\u00e1s c\u00f3modos y modernos.<\/p>\n\n\n\n<p>Inaugurada la nueva terminal y como continuidad del proyecto en los \u00faltimos d\u00edas comenz\u00f3 el recambio de las viejas garitas que exist\u00edan en las paradas de colectivos.<\/p>\n\n\n\n<p>Ya fueron reemplazas las existentes en la plaza Belgrano y la ubicada en Pellegrini y Novillo, mientras que en el transcurso de los pr\u00f3ximos continuar\u00e1 con el resto.<\/p>\n\n\n\n<p>Los nuevos refugios son muchos m\u00e1s modernos y c\u00f3modos, est\u00e1n construidos sobre una armaz\u00f3n de metal e ilustrada con el logo que identifica a la municipalidad.<\/p>\n\n\n\n<p>Fuente: San Pedro Informa<\/p>\n","protected":false},"excerpt":{"rendered":"<p>En el transcurso de la \u00faltima semana se inici\u00f3 el reemplazo de los viejos refugios por unos m\u00e1s c\u00f3modos y modernos. Inaugurada la nueva terminal y como continuidad del proyecto en los \u00faltimos d\u00edas comenz\u00f3 el recambio de las viejas garitas que exist\u00edan en las paradas de colectivos. Ya fueron reemplazas las existentes en la [&hellip;]<\/p>\n","protected":false},"author":4,"featured_media":116072,"comment_status":"closed","ping_status":"closed","sticky":false,"template":"","format":"standard","meta":{"om_disable_all_campaigns":false,"_jetpack_memberships_contains_paid_content":false,"footnotes":""},"categories":[50,101,2],"tags":[197,696,33,19],"class_list":["post-116071","post","type-post","status-publish","format-standard","has-post-thumbnail","hentry","category-destacadas","category-interes-general-locales","category-locales","tag-buenos-aires","tag-interes-general","tag-locales","tag-san-pedro"],"aioseo_notices":[],"gutentor_comment":0,"jetpack_featured_media_url":"https:\/\/eldiariodesanpedro.com.ar\/sitio\/wp-content\/uploads\/2023\/03\/0000021704-resized-1920x1080-1.jpg","jetpack_shortlink":"https:\/\/wp.me\/p6RhLt-uc7","jetpack_sharing_enabled":true,"_links":{"self":[{"href":"https:\/\/eldiariodesanpedro.com.ar\/sitio\/wp-json\/wp\/v2\/posts\/116071","targetHints":{"allow":["GET"]}}],"collection":[{"href":"https:\/\/eldiariodesanpedro.com.ar\/sitio\/wp-json\/wp\/v2\/posts"}],"about":[{"href":"https:\/\/eldiariodesanpedro.com.ar\/sitio\/wp-json\/wp\/v2\/types\/post"}],"author":[{"embeddable":true,"href":"https:\/\/eldiariodesanpedro.com.ar\/sitio\/wp-json\/wp\/v2\/users\/4"}],"replies":[{"embeddable":true,"href":"https:\/\/eldiariodesanpedro.com.ar\/sitio\/wp-json\/wp\/v2\/comments?post=116071"}],"version-history":[{"count":1,"href":"https:\/\/eldiariodesanpedro.com.ar\/sitio\/wp-json\/wp\/v2\/posts\/116071\/revisions"}],"predecessor-version":[{"id":116073,"href":"https:\/\/eldiariodesanpedro.com.ar\/sitio\/wp-json\/wp\/v2\/posts\/116071\/revisions\/116073"}],"wp:featuredmedia":[{"embeddable":true,"href":"https:\/\/eldiariodesanpedro.com.ar\/sitio\/wp-json\/wp\/v2\/media\/116072"}],"wp:attachment":[{"href":"https:\/\/eldiariodesanpedro.com.ar\/sitio\/wp-json\/wp\/v2\/media?parent=116071"}],"wp:term":[{"taxonomy":"category","embeddable":true,"href":"https:\/\/eldiariodesanpedro.com.ar\/sitio\/wp-json\/wp\/v2\/categories?post=116071"},{"taxonomy":"post_tag","embeddable":true,"href":"https:\/\/eldiariodesanpedro.com.ar\/sitio\/wp-json\/wp\/v2\/tags?post=116071"}],"curies":[{"name":"wp","href":"https:\/\/api.w.org\/{rel}","templated":true}]}}