{"id":116068,"date":"2023-03-20T11:14:35","date_gmt":"2023-03-20T14:14:35","guid":{"rendered":"https:\/\/eldiariodesanpedro.com.ar\/sitio\/?p=116068"},"modified":"2023-03-20T11:14:37","modified_gmt":"2023-03-20T14:14:37","slug":"modificaron-el-sentido-de-las-calles-de-los-barrios-parana-y-la-esperanza","status":"publish","type":"post","link":"https:\/\/eldiariodesanpedro.com.ar\/sitio\/modificaron-el-sentido-de-las-calles-de-los-barrios-parana-y-la-esperanza\/","title":{"rendered":"Modificaron el sentido de las calles de los barrios Paran\u00e1 y La Esperanza"},"content":{"rendered":"<!-- VideographyWP Plugin Message: Automatic video embedding prevented by plugin options. -->\n\n<p>La falta de calles alternativas alarm\u00f3 a los vecinos. A partir de all\u00ed se decidi\u00f3 habilitar como mano y contramano distintas calles de ese sector de la ciudad.<\/p>\n\n\n\n<p>El tema hab\u00eda sido tratado en el aire de FM Genesis y San Pedro Informa, y las autoridades escucharon a los vecinos que hab\u00edan planteado la incomodidad que la mano \u00fanica les generaba.<\/p>\n\n\n\n<p>Desde hace poco tiempo se cambi\u00f3 el sentido de varias calles que ahora pueden ser utilizadas c\u00f3mo \u00abmano y contramano\u00bb.<\/p>\n\n\n\n<p>Todas ellas corresponden a los barrios Paran\u00e1 y La Esperanza, las cuales, en muchos casos son utilizadas para salir o ingresar a la ciudad, o a los mismos barrios.<\/p>\n\n\n\n<p>Las calles que fueron habilitadas en ambos sentidos son: Magliotti, Goycoechea, Laprida, Italia, Maino, Irlanda, Urraco y Beaumont, todas entre el tramo comprendido por las calles Sarmiento y Mitre<\/p>\n\n\n\n<p>A la vez tambi\u00e9n se habilit\u00f3 como mano y contramano la calle Mois\u00e9s Novillo, solo entre Salta y Mitre.<\/p>\n","protected":false},"excerpt":{"rendered":"<p>La falta de calles alternativas alarm\u00f3 a los vecinos. A partir de all\u00ed se decidi\u00f3 habilitar como mano y contramano distintas calles de ese sector de la ciudad. El tema hab\u00eda sido tratado en el aire de FM Genesis y San Pedro Informa, y las autoridades escucharon a los vecinos que hab\u00edan planteado la incomodidad [&hellip;]<\/p>\n","protected":false},"author":4,"featured_media":116069,"comment_status":"closed","ping_status":"closed","sticky":false,"template":"","format":"standard","meta":{"om_disable_all_campaigns":false,"_jetpack_memberships_contains_paid_content":false,"footnotes":""},"categories":[50,101,2],"tags":[197,696,33,19],"class_list":["post-116068","post","type-post","status-publish","format-standard","has-post-thumbnail","hentry","category-destacadas","category-interes-general-locales","category-locales","tag-buenos-aires","tag-interes-general","tag-locales","tag-san-pedro"],"aioseo_notices":[],"gutentor_comment":0,"jetpack_featured_media_url":"https:\/\/eldiariodesanpedro.com.ar\/sitio\/wp-content\/uploads\/2023\/03\/0000021705-resized-1920x1080-1.jpg","jetpack_shortlink":"https:\/\/wp.me\/p6RhLt-uc4","jetpack_sharing_enabled":true,"_links":{"self":[{"href":"https:\/\/eldiariodesanpedro.com.ar\/sitio\/wp-json\/wp\/v2\/posts\/116068","targetHints":{"allow":["GET"]}}],"collection":[{"href":"https:\/\/eldiariodesanpedro.com.ar\/sitio\/wp-json\/wp\/v2\/posts"}],"about":[{"href":"https:\/\/eldiariodesanpedro.com.ar\/sitio\/wp-json\/wp\/v2\/types\/post"}],"author":[{"embeddable":true,"href":"https:\/\/eldiariodesanpedro.com.ar\/sitio\/wp-json\/wp\/v2\/users\/4"}],"replies":[{"embeddable":true,"href":"https:\/\/eldiariodesanpedro.com.ar\/sitio\/wp-json\/wp\/v2\/comments?post=116068"}],"version-history":[{"count":1,"href":"https:\/\/eldiariodesanpedro.com.ar\/sitio\/wp-json\/wp\/v2\/posts\/116068\/revisions"}],"predecessor-version":[{"id":116070,"href":"https:\/\/eldiariodesanpedro.com.ar\/sitio\/wp-json\/wp\/v2\/posts\/116068\/revisions\/116070"}],"wp:featuredmedia":[{"embeddable":true,"href":"https:\/\/eldiariodesanpedro.com.ar\/sitio\/wp-json\/wp\/v2\/media\/116069"}],"wp:attachment":[{"href":"https:\/\/eldiariodesanpedro.com.ar\/sitio\/wp-json\/wp\/v2\/media?parent=116068"}],"wp:term":[{"taxonomy":"category","embeddable":true,"href":"https:\/\/eldiariodesanpedro.com.ar\/sitio\/wp-json\/wp\/v2\/categories?post=116068"},{"taxonomy":"post_tag","embeddable":true,"href":"https:\/\/eldiariodesanpedro.com.ar\/sitio\/wp-json\/wp\/v2\/tags?post=116068"}],"curies":[{"name":"wp","href":"https:\/\/api.w.org\/{rel}","templated":true}]}}