{"id":116061,"date":"2023-03-20T10:57:46","date_gmt":"2023-03-20T13:57:46","guid":{"rendered":"https:\/\/eldiariodesanpedro.com.ar\/sitio\/?p=116061"},"modified":"2023-03-20T11:01:38","modified_gmt":"2023-03-20T14:01:38","slug":"se-trasladaron-los-delincuentes-que-asalto-a-una-familia-de-santa-lucia","status":"publish","type":"post","link":"https:\/\/eldiariodesanpedro.com.ar\/sitio\/se-trasladaron-los-delincuentes-que-asalto-a-una-familia-de-santa-lucia\/","title":{"rendered":"Se trasladaron los delincuentes que asalto a una familia de Santa Lucia"},"content":{"rendered":"<!-- VideographyWP Plugin Message: Automatic video embedding prevented by plugin options. -->\n\n<p>Luego de ser identificados en la rueda de reconocimientos los cuatro delincuentes que protagonizaron un violento asalto el pasado 27 de febrero en Santa Luc\u00eda siguen detenidos y comenzaron a ser trasladados a distintas unidades penitenciarias de la provincia de Buenos Aires.<\/p>\n\n\n\n<p>Es un hecho la aplicaci\u00f3n de la prisi\u00f3n preventiva de los cuatro imputados en un hecho de robo acontecido el pasado 27 de febrero en Santa Luc\u00eda.<\/p>\n\n\n\n<p>Mientras tanto, seg\u00fan confirmaron fuentes oficiales a San Pedro Informa y FM G\u00e9nesis, comenz\u00f3, ya se orden\u00f3 el traslado de los delincuentes a distintas unidades penales de la provincia de Buenos Aires.<\/p>\n\n\n\n<p>Oscar Antonio Rossi, de 48 a\u00f1os y considerado l\u00edder de la banda y con frondosos antecedentes, fue alojado en la Unidad Penal 13\/16 de la ciudad de Jun\u00edn; mientras tanto Alexis Sebasti\u00e1n Garr\u00e9, de 25 a\u00f1os, fue alojado en la Unidad Penal 41 de la ciudad de Campana.<\/p>\n\n\n\n<p>Mientras tanto, el santalucense Gabriel Alejandro Velazquez, de 40 a\u00f1os, considerado entregador y sobre qui\u00e9n pesa como antecedente un asesinato cometido en Santa Luc\u00eda, y Javier Fernando&nbsp;Ibarra, de 45 a\u00f1os, permanecen alojados en la Comisar\u00eda de nuestra ciudad.<\/p>\n\n\n\n<p>Todos fueron identificados en rueda de reconocimiento como los responsables del robo sufrido por la familia Ramos Flor a cuyos integrantes asaltaron, robaron diversos elementos y privaron de su libertad.<\/p>\n\n\n\n<p>La banda fue capturada esa misma ma\u00f1ana cuando pretendieron escapar por la Ruta 9 y fueron interceptados a la altura del kil\u00f3metro 152 del camino nacional.<\/p>\n\n\n\n<p>Fuente: San Pedro Informa<\/p>\n","protected":false},"excerpt":{"rendered":"<p>Luego de ser identificados en la rueda de reconocimientos los cuatro delincuentes que protagonizaron un violento asalto el pasado 27 de febrero en Santa Luc\u00eda siguen detenidos y comenzaron a ser trasladados a distintas unidades penitenciarias de la provincia de Buenos Aires. Es un hecho la aplicaci\u00f3n de la prisi\u00f3n preventiva de los cuatro imputados [&hellip;]<\/p>\n","protected":false},"author":4,"featured_media":115394,"comment_status":"closed","ping_status":"closed","sticky":false,"template":"","format":"standard","meta":{"om_disable_all_campaigns":false,"_jetpack_memberships_contains_paid_content":false,"footnotes":""},"categories":[101,2],"tags":[197,696,33,19],"class_list":["post-116061","post","type-post","status-publish","format-standard","has-post-thumbnail","hentry","category-interes-general-locales","category-locales","tag-buenos-aires","tag-interes-general","tag-locales","tag-san-pedro"],"aioseo_notices":[],"gutentor_comment":0,"jetpack_featured_media_url":"https:\/\/eldiariodesanpedro.com.ar\/sitio\/wp-content\/uploads\/2023\/02\/WhatsApp-Image-2023-02-27-at-11.05.19.jpeg","jetpack_shortlink":"https:\/\/wp.me\/p6RhLt-ubX","jetpack_sharing_enabled":true,"_links":{"self":[{"href":"https:\/\/eldiariodesanpedro.com.ar\/sitio\/wp-json\/wp\/v2\/posts\/116061","targetHints":{"allow":["GET"]}}],"collection":[{"href":"https:\/\/eldiariodesanpedro.com.ar\/sitio\/wp-json\/wp\/v2\/posts"}],"about":[{"href":"https:\/\/eldiariodesanpedro.com.ar\/sitio\/wp-json\/wp\/v2\/types\/post"}],"author":[{"embeddable":true,"href":"https:\/\/eldiariodesanpedro.com.ar\/sitio\/wp-json\/wp\/v2\/users\/4"}],"replies":[{"embeddable":true,"href":"https:\/\/eldiariodesanpedro.com.ar\/sitio\/wp-json\/wp\/v2\/comments?post=116061"}],"version-history":[{"count":2,"href":"https:\/\/eldiariodesanpedro.com.ar\/sitio\/wp-json\/wp\/v2\/posts\/116061\/revisions"}],"predecessor-version":[{"id":116064,"href":"https:\/\/eldiariodesanpedro.com.ar\/sitio\/wp-json\/wp\/v2\/posts\/116061\/revisions\/116064"}],"wp:featuredmedia":[{"embeddable":true,"href":"https:\/\/eldiariodesanpedro.com.ar\/sitio\/wp-json\/wp\/v2\/media\/115394"}],"wp:attachment":[{"href":"https:\/\/eldiariodesanpedro.com.ar\/sitio\/wp-json\/wp\/v2\/media?parent=116061"}],"wp:term":[{"taxonomy":"category","embeddable":true,"href":"https:\/\/eldiariodesanpedro.com.ar\/sitio\/wp-json\/wp\/v2\/categories?post=116061"},{"taxonomy":"post_tag","embeddable":true,"href":"https:\/\/eldiariodesanpedro.com.ar\/sitio\/wp-json\/wp\/v2\/tags?post=116061"}],"curies":[{"name":"wp","href":"https:\/\/api.w.org\/{rel}","templated":true}]}}