{"id":116037,"date":"2023-03-17T17:56:06","date_gmt":"2023-03-17T20:56:06","guid":{"rendered":"https:\/\/eldiariodesanpedro.com.ar\/sitio\/?p=116037"},"modified":"2023-03-17T17:56:07","modified_gmt":"2023-03-17T20:56:07","slug":"agredio-a-su-madre-y-la-amenazaba-con-un-revolver-que-fue-secuestrado-en-allanamiento-junto-con-68-municiones","status":"publish","type":"post","link":"https:\/\/eldiariodesanpedro.com.ar\/sitio\/agredio-a-su-madre-y-la-amenazaba-con-un-revolver-que-fue-secuestrado-en-allanamiento-junto-con-68-municiones\/","title":{"rendered":"Agredi\u00f3 a su madre y la amenazaba con un revolver que fue secuestrado en allanamiento junto con 68 municiones"},"content":{"rendered":"<!-- VideographyWP Plugin Message: Automatic video embedding prevented by plugin options. -->\n\n<p>Este viernes en horas de la madrugada, a ra\u00edz de un llamado a el servicio de emergencias 911 denunciante que una persona se encontraba agresiva en interior de un domicilio ubicado en calle Fray Cayetano Rodr\u00edguez al 500, personal acude al lugar y tras pedido de auxilio por parte de v\u00edctima femenina de 71 a\u00f1os de edad, ingresa a morada procediendo a la aprehensi\u00f3n de masculino de 33 a\u00f1os de edad quien se encontraba agresivo bajo efectos de alg\u00fan estupefaciente, amenazando a su progenitora, qui\u00e9n da cuenta que su hijo posee un arma tipo revolver, seguidamente tras allanamiento de urgencia se procede a la requisa de la vivienda arrojando c\u00f3mo resultado secuestro de 68 municiones calibre 22 marca FM y cuatro vainas servidas mismo calibre. Tras consulta inform\u00e1tica mismo presenta paradero activo por el delito de amenazaas agravadas.<\/p>\n\n\n\n<p>Se dio intervenci\u00f3n a la Comisaria de la Mujer y la Familia de San Pedro, adem\u00e1s de la UFI N\u00b0 5 avala proceder, disp. Not. Art. 60 CPP quedando alojado a remisi\u00f3n sede fiscal primera audiencia.<\/p>\n\n\n\n<figure class=\"wp-block-image size-full\"><img decoding=\"async\" width=\"495\" height=\"629\" data-attachment-id=\"116039\" data-permalink=\"https:\/\/eldiariodesanpedro.com.ar\/sitio\/agredio-a-su-madre-y-la-amenazaba-con-un-revolver-que-fue-secuestrado-en-allanamiento-junto-con-68-municiones\/3-110\/\" data-orig-file=\"https:\/\/eldiariodesanpedro.com.ar\/sitio\/wp-content\/uploads\/2023\/03\/3.jpg\" data-orig-size=\"495,629\" data-comments-opened=\"0\" data-image-meta=\"{&quot;aperture&quot;:&quot;0&quot;,&quot;credit&quot;:&quot;&quot;,&quot;camera&quot;:&quot;&quot;,&quot;caption&quot;:&quot;&quot;,&quot;created_timestamp&quot;:&quot;0&quot;,&quot;copyright&quot;:&quot;&quot;,&quot;focal_length&quot;:&quot;0&quot;,&quot;iso&quot;:&quot;0&quot;,&quot;shutter_speed&quot;:&quot;0&quot;,&quot;title&quot;:&quot;&quot;,&quot;orientation&quot;:&quot;0&quot;}\" data-image-title=\"3\" data-image-description=\"\" data-image-caption=\"\" data-large-file=\"https:\/\/eldiariodesanpedro.com.ar\/sitio\/wp-content\/uploads\/2023\/03\/3.jpg\" data-src=\"https:\/\/eldiariodesanpedro.com.ar\/sitio\/wp-content\/uploads\/2023\/03\/3.jpg\" alt=\"\" class=\"wp-image-116039 lazyload\" data-srcset=\"https:\/\/eldiariodesanpedro.com.ar\/sitio\/wp-content\/uploads\/2023\/03\/3.jpg 495w, https:\/\/eldiariodesanpedro.com.ar\/sitio\/wp-content\/uploads\/2023\/03\/3-236x300.jpg 236w\" data-sizes=\"(max-width: 495px) 100vw, 495px\" src=\"data:image\/svg+xml;base64,PHN2ZyB3aWR0aD0iMSIgaGVpZ2h0PSIxIiB4bWxucz0iaHR0cDovL3d3dy53My5vcmcvMjAwMC9zdmciPjwvc3ZnPg==\" style=\"--smush-placeholder-width: 495px; --smush-placeholder-aspect-ratio: 495\/629;\" \/><\/figure>\n","protected":false},"excerpt":{"rendered":"<p>Este viernes en horas de la madrugada, a ra\u00edz de un llamado a el servicio de emergencias 911 denunciante que una persona se encontraba agresiva en interior de un domicilio ubicado en calle Fray Cayetano Rodr\u00edguez al 500, personal acude al lugar y tras pedido de auxilio por parte de v\u00edctima femenina de 71 a\u00f1os [&hellip;]<\/p>\n","protected":false},"author":4,"featured_media":116038,"comment_status":"closed","ping_status":"closed","sticky":false,"template":"","format":"standard","meta":{"om_disable_all_campaigns":false,"_jetpack_memberships_contains_paid_content":false,"footnotes":""},"categories":[50,2,103],"tags":[197,33,95,19],"class_list":["post-116037","post","type-post","status-publish","format-standard","has-post-thumbnail","hentry","category-destacadas","category-locales","category-policiales-locales","tag-buenos-aires","tag-locales","tag-policiales","tag-san-pedro"],"aioseo_notices":[],"gutentor_comment":0,"jetpack_featured_media_url":"https:\/\/eldiariodesanpedro.com.ar\/sitio\/wp-content\/uploads\/2023\/03\/medida-22.jpg","jetpack_shortlink":"https:\/\/wp.me\/p6RhLt-ubz","jetpack_sharing_enabled":true,"_links":{"self":[{"href":"https:\/\/eldiariodesanpedro.com.ar\/sitio\/wp-json\/wp\/v2\/posts\/116037","targetHints":{"allow":["GET"]}}],"collection":[{"href":"https:\/\/eldiariodesanpedro.com.ar\/sitio\/wp-json\/wp\/v2\/posts"}],"about":[{"href":"https:\/\/eldiariodesanpedro.com.ar\/sitio\/wp-json\/wp\/v2\/types\/post"}],"author":[{"embeddable":true,"href":"https:\/\/eldiariodesanpedro.com.ar\/sitio\/wp-json\/wp\/v2\/users\/4"}],"replies":[{"embeddable":true,"href":"https:\/\/eldiariodesanpedro.com.ar\/sitio\/wp-json\/wp\/v2\/comments?post=116037"}],"version-history":[{"count":1,"href":"https:\/\/eldiariodesanpedro.com.ar\/sitio\/wp-json\/wp\/v2\/posts\/116037\/revisions"}],"predecessor-version":[{"id":116040,"href":"https:\/\/eldiariodesanpedro.com.ar\/sitio\/wp-json\/wp\/v2\/posts\/116037\/revisions\/116040"}],"wp:featuredmedia":[{"embeddable":true,"href":"https:\/\/eldiariodesanpedro.com.ar\/sitio\/wp-json\/wp\/v2\/media\/116038"}],"wp:attachment":[{"href":"https:\/\/eldiariodesanpedro.com.ar\/sitio\/wp-json\/wp\/v2\/media?parent=116037"}],"wp:term":[{"taxonomy":"category","embeddable":true,"href":"https:\/\/eldiariodesanpedro.com.ar\/sitio\/wp-json\/wp\/v2\/categories?post=116037"},{"taxonomy":"post_tag","embeddable":true,"href":"https:\/\/eldiariodesanpedro.com.ar\/sitio\/wp-json\/wp\/v2\/tags?post=116037"}],"curies":[{"name":"wp","href":"https:\/\/api.w.org\/{rel}","templated":true}]}}