{"id":116034,"date":"2023-03-17T17:43:33","date_gmt":"2023-03-17T20:43:33","guid":{"rendered":"https:\/\/eldiariodesanpedro.com.ar\/sitio\/?p=116034"},"modified":"2023-03-17T17:43:35","modified_gmt":"2023-03-17T20:43:35","slug":"un-aprehendido-borracho-ocasionando-disturbios","status":"publish","type":"post","link":"https:\/\/eldiariodesanpedro.com.ar\/sitio\/un-aprehendido-borracho-ocasionando-disturbios\/","title":{"rendered":"Un aprehendido borracho ocasionando disturbios"},"content":{"rendered":"<!-- VideographyWP Plugin Message: Automatic video embedding prevented by plugin options. -->\n\n<p>Este jueves en horas de la noche el personal policial en recorrida preventiva se hace presente en calle Nuestra Se\u00f1ora del Socorro y 3 de Febrero, donde aprehende a un ciudadano de 42 a\u00f1os de edad, quien se encontraba alterando el orden p\u00fablico en estado de ebriedad.-<\/p>\n\n\n\n<p>Tomo intervenci\u00f3n el Juzgado de Paz Local quien dispone la notificaci\u00f3n de la causa y posterior libertad.<\/p>\n","protected":false},"excerpt":{"rendered":"<p>Este jueves en horas de la noche el personal policial en recorrida preventiva se hace presente en calle Nuestra Se\u00f1ora del Socorro y 3 de Febrero, donde aprehende a un ciudadano de 42 a\u00f1os de edad, quien se encontraba alterando el orden p\u00fablico en estado de ebriedad.- Tomo intervenci\u00f3n el Juzgado de Paz Local quien [&hellip;]<\/p>\n","protected":false},"author":4,"featured_media":116035,"comment_status":"closed","ping_status":"closed","sticky":false,"template":"","format":"standard","meta":{"om_disable_all_campaigns":false,"_jetpack_memberships_contains_paid_content":false,"footnotes":""},"categories":[2,103],"tags":[197,33,95,19],"class_list":["post-116034","post","type-post","status-publish","format-standard","has-post-thumbnail","hentry","category-locales","category-policiales-locales","tag-buenos-aires","tag-locales","tag-policiales","tag-san-pedro"],"aioseo_notices":[],"gutentor_comment":0,"jetpack_featured_media_url":"https:\/\/eldiariodesanpedro.com.ar\/sitio\/wp-content\/uploads\/2023\/03\/medida-21.jpg","jetpack_shortlink":"https:\/\/wp.me\/p6RhLt-ubw","jetpack_sharing_enabled":true,"_links":{"self":[{"href":"https:\/\/eldiariodesanpedro.com.ar\/sitio\/wp-json\/wp\/v2\/posts\/116034","targetHints":{"allow":["GET"]}}],"collection":[{"href":"https:\/\/eldiariodesanpedro.com.ar\/sitio\/wp-json\/wp\/v2\/posts"}],"about":[{"href":"https:\/\/eldiariodesanpedro.com.ar\/sitio\/wp-json\/wp\/v2\/types\/post"}],"author":[{"embeddable":true,"href":"https:\/\/eldiariodesanpedro.com.ar\/sitio\/wp-json\/wp\/v2\/users\/4"}],"replies":[{"embeddable":true,"href":"https:\/\/eldiariodesanpedro.com.ar\/sitio\/wp-json\/wp\/v2\/comments?post=116034"}],"version-history":[{"count":1,"href":"https:\/\/eldiariodesanpedro.com.ar\/sitio\/wp-json\/wp\/v2\/posts\/116034\/revisions"}],"predecessor-version":[{"id":116036,"href":"https:\/\/eldiariodesanpedro.com.ar\/sitio\/wp-json\/wp\/v2\/posts\/116034\/revisions\/116036"}],"wp:featuredmedia":[{"embeddable":true,"href":"https:\/\/eldiariodesanpedro.com.ar\/sitio\/wp-json\/wp\/v2\/media\/116035"}],"wp:attachment":[{"href":"https:\/\/eldiariodesanpedro.com.ar\/sitio\/wp-json\/wp\/v2\/media?parent=116034"}],"wp:term":[{"taxonomy":"category","embeddable":true,"href":"https:\/\/eldiariodesanpedro.com.ar\/sitio\/wp-json\/wp\/v2\/categories?post=116034"},{"taxonomy":"post_tag","embeddable":true,"href":"https:\/\/eldiariodesanpedro.com.ar\/sitio\/wp-json\/wp\/v2\/tags?post=116034"}],"curies":[{"name":"wp","href":"https:\/\/api.w.org\/{rel}","templated":true}]}}