{"id":116023,"date":"2023-03-17T16:24:56","date_gmt":"2023-03-17T19:24:56","guid":{"rendered":"https:\/\/eldiariodesanpedro.com.ar\/sitio\/?p=116023"},"modified":"2023-03-17T16:26:08","modified_gmt":"2023-03-17T19:26:08","slug":"se-secuestro-en-un-allanamiento-una-planta-de-marihuana-balanzas-y-una-bicicleta-que-fue-robada-dias-atras","status":"publish","type":"post","link":"https:\/\/eldiariodesanpedro.com.ar\/sitio\/se-secuestro-en-un-allanamiento-una-planta-de-marihuana-balanzas-y-una-bicicleta-que-fue-robada-dias-atras\/","title":{"rendered":"Se secuestr\u00f3 en un allanamiento una planta de marihuana, balanzas y una bicicleta que fue robada d\u00edas atr\u00e1s"},"content":{"rendered":"<!-- VideographyWP Plugin Message: Automatic video embedding prevented by plugin options. -->\n\n<p>El personal especial GTO y personal EPC de la comisar\u00eda de San Pedro, tras recabar elementos de prueba, solicita y efect\u00faa diligencia de allanamiento en domicilio de calle General Pueyrred\u00f3n al 1400, en busca de armas de fuego con resultado negativo.<\/p>\n\n\n\n<p>No obstante se procede al secuestro de urgencia, de una planta de marihuana de 1.80 mts. Aproximadamente, una balanza digital marca SF-400, balanza digital sin marca visible peque\u00f1a, dos envoltorios de marihuana y recortes de bolsa de nylon, inici\u00e1ndose actuaciones por infracci\u00f3n a la ley 27.737.<\/p>\n\n\n\n<p>Asimismo se procede al secuestro de urgencia de una bicicleta de dama de color verde marca \u00abCarlita\u00bb, sustra\u00edda el d\u00eda 08 de marzo, Interviene UFI Joven.-<\/p>\n\n\n\n<figure class=\"wp-block-image size-full\"><img decoding=\"async\" width=\"602\" height=\"527\" data-attachment-id=\"116026\" data-permalink=\"https:\/\/eldiariodesanpedro.com.ar\/sitio\/se-secuestro-en-un-allanamiento-una-planta-de-marihuana-balanzas-y-una-bicicleta-que-fue-robada-dias-atras\/2-1-8\/\" data-orig-file=\"https:\/\/eldiariodesanpedro.com.ar\/sitio\/wp-content\/uploads\/2023\/03\/2-1.jpg\" data-orig-size=\"602,527\" data-comments-opened=\"0\" data-image-meta=\"{&quot;aperture&quot;:&quot;0&quot;,&quot;credit&quot;:&quot;&quot;,&quot;camera&quot;:&quot;&quot;,&quot;caption&quot;:&quot;&quot;,&quot;created_timestamp&quot;:&quot;0&quot;,&quot;copyright&quot;:&quot;&quot;,&quot;focal_length&quot;:&quot;0&quot;,&quot;iso&quot;:&quot;0&quot;,&quot;shutter_speed&quot;:&quot;0&quot;,&quot;title&quot;:&quot;&quot;,&quot;orientation&quot;:&quot;0&quot;}\" data-image-title=\"2-1\" data-image-description=\"\" data-image-caption=\"\" data-large-file=\"https:\/\/eldiariodesanpedro.com.ar\/sitio\/wp-content\/uploads\/2023\/03\/2-1.jpg\" data-src=\"https:\/\/eldiariodesanpedro.com.ar\/sitio\/wp-content\/uploads\/2023\/03\/2-1.jpg\" alt=\"\" class=\"wp-image-116026 lazyload\" data-srcset=\"https:\/\/eldiariodesanpedro.com.ar\/sitio\/wp-content\/uploads\/2023\/03\/2-1.jpg 602w, https:\/\/eldiariodesanpedro.com.ar\/sitio\/wp-content\/uploads\/2023\/03\/2-1-300x263.jpg 300w\" data-sizes=\"(max-width: 602px) 100vw, 602px\" src=\"data:image\/svg+xml;base64,PHN2ZyB3aWR0aD0iMSIgaGVpZ2h0PSIxIiB4bWxucz0iaHR0cDovL3d3dy53My5vcmcvMjAwMC9zdmciPjwvc3ZnPg==\" style=\"--smush-placeholder-width: 602px; --smush-placeholder-aspect-ratio: 602\/527;\" \/><\/figure>\n","protected":false},"excerpt":{"rendered":"<p>El personal especial GTO y personal EPC de la comisar\u00eda de San Pedro, tras recabar elementos de prueba, solicita y efect\u00faa diligencia de allanamiento en domicilio de calle General Pueyrred\u00f3n al 1400, en busca de armas de fuego con resultado negativo. No obstante se procede al secuestro de urgencia, de una planta de marihuana de [&hellip;]<\/p>\n","protected":false},"author":4,"featured_media":116024,"comment_status":"closed","ping_status":"closed","sticky":false,"template":"","format":"standard","meta":{"om_disable_all_campaigns":false,"_jetpack_memberships_contains_paid_content":false,"footnotes":""},"categories":[50,2,103],"tags":[197,33,95,19],"class_list":["post-116023","post","type-post","status-publish","format-standard","has-post-thumbnail","hentry","category-destacadas","category-locales","category-policiales-locales","tag-buenos-aires","tag-locales","tag-policiales","tag-san-pedro"],"aioseo_notices":[],"gutentor_comment":0,"jetpack_featured_media_url":"https:\/\/eldiariodesanpedro.com.ar\/sitio\/wp-content\/uploads\/2023\/03\/medida-19.jpg","jetpack_shortlink":"https:\/\/wp.me\/p6RhLt-ubl","jetpack_sharing_enabled":true,"_links":{"self":[{"href":"https:\/\/eldiariodesanpedro.com.ar\/sitio\/wp-json\/wp\/v2\/posts\/116023","targetHints":{"allow":["GET"]}}],"collection":[{"href":"https:\/\/eldiariodesanpedro.com.ar\/sitio\/wp-json\/wp\/v2\/posts"}],"about":[{"href":"https:\/\/eldiariodesanpedro.com.ar\/sitio\/wp-json\/wp\/v2\/types\/post"}],"author":[{"embeddable":true,"href":"https:\/\/eldiariodesanpedro.com.ar\/sitio\/wp-json\/wp\/v2\/users\/4"}],"replies":[{"embeddable":true,"href":"https:\/\/eldiariodesanpedro.com.ar\/sitio\/wp-json\/wp\/v2\/comments?post=116023"}],"version-history":[{"count":2,"href":"https:\/\/eldiariodesanpedro.com.ar\/sitio\/wp-json\/wp\/v2\/posts\/116023\/revisions"}],"predecessor-version":[{"id":116027,"href":"https:\/\/eldiariodesanpedro.com.ar\/sitio\/wp-json\/wp\/v2\/posts\/116023\/revisions\/116027"}],"wp:featuredmedia":[{"embeddable":true,"href":"https:\/\/eldiariodesanpedro.com.ar\/sitio\/wp-json\/wp\/v2\/media\/116024"}],"wp:attachment":[{"href":"https:\/\/eldiariodesanpedro.com.ar\/sitio\/wp-json\/wp\/v2\/media?parent=116023"}],"wp:term":[{"taxonomy":"category","embeddable":true,"href":"https:\/\/eldiariodesanpedro.com.ar\/sitio\/wp-json\/wp\/v2\/categories?post=116023"},{"taxonomy":"post_tag","embeddable":true,"href":"https:\/\/eldiariodesanpedro.com.ar\/sitio\/wp-json\/wp\/v2\/tags?post=116023"}],"curies":[{"name":"wp","href":"https:\/\/api.w.org\/{rel}","templated":true}]}}