{"id":116020,"date":"2023-03-17T16:08:09","date_gmt":"2023-03-17T19:08:09","guid":{"rendered":"https:\/\/eldiariodesanpedro.com.ar\/sitio\/?p=116020"},"modified":"2023-03-17T16:08:10","modified_gmt":"2023-03-17T19:08:10","slug":"dos-jovenes-heridos-tras-colisionar-en-moto-contra-una-camioneta","status":"publish","type":"post","link":"https:\/\/eldiariodesanpedro.com.ar\/sitio\/dos-jovenes-heridos-tras-colisionar-en-moto-contra-una-camioneta\/","title":{"rendered":"Dos j\u00f3venes heridos tras colisionar en moto contra una camioneta"},"content":{"rendered":"<!-- VideographyWP Plugin Message: Automatic video embedding prevented by plugin options. -->\n\n<p>La polic\u00eda de nuestra ciudad que se encontraba en recorrida se hizo presente en la jornada de ayer en una intersecci\u00f3n de calles donde ocurri\u00f3 un accidente de tr\u00e1nsito.<\/p>\n\n\n\n<p>El hecho tuvo lugar este jueves en la esquina de Ansaloni y Alvarado, donde por razones que se tratan de establecer colisionaron una camioneta Fiat Weekend conducida por un ciudadano de 75 a\u00f1os de edad que impacto a una motocicleta Honda Wave 110 cc guiada por un joven de 18 a\u00f1os de edad que lo acompa\u00f1aba su pareja una femenina de 20 a\u00f1os.<\/p>\n\n\n\n<p>En el lugar se hace presente la ambulancia del SAME que traslada a los dos motociclistas donde tras estudios se determin\u00f3 que sufrieron lesiones leves.<\/p>\n","protected":false},"excerpt":{"rendered":"<p>La polic\u00eda de nuestra ciudad que se encontraba en recorrida se hizo presente en la jornada de ayer en una intersecci\u00f3n de calles donde ocurri\u00f3 un accidente de tr\u00e1nsito. El hecho tuvo lugar este jueves en la esquina de Ansaloni y Alvarado, donde por razones que se tratan de establecer colisionaron una camioneta Fiat Weekend [&hellip;]<\/p>\n","protected":false},"author":4,"featured_media":116021,"comment_status":"closed","ping_status":"closed","sticky":false,"template":"","format":"standard","meta":{"om_disable_all_campaigns":false,"_jetpack_memberships_contains_paid_content":false,"footnotes":""},"categories":[2,103],"tags":[197,33,95,19],"class_list":["post-116020","post","type-post","status-publish","format-standard","has-post-thumbnail","hentry","category-locales","category-policiales-locales","tag-buenos-aires","tag-locales","tag-policiales","tag-san-pedro"],"aioseo_notices":[],"gutentor_comment":0,"jetpack_featured_media_url":"https:\/\/eldiariodesanpedro.com.ar\/sitio\/wp-content\/uploads\/2023\/03\/medida-18.jpg","jetpack_shortlink":"https:\/\/wp.me\/p6RhLt-ubi","jetpack_sharing_enabled":true,"_links":{"self":[{"href":"https:\/\/eldiariodesanpedro.com.ar\/sitio\/wp-json\/wp\/v2\/posts\/116020","targetHints":{"allow":["GET"]}}],"collection":[{"href":"https:\/\/eldiariodesanpedro.com.ar\/sitio\/wp-json\/wp\/v2\/posts"}],"about":[{"href":"https:\/\/eldiariodesanpedro.com.ar\/sitio\/wp-json\/wp\/v2\/types\/post"}],"author":[{"embeddable":true,"href":"https:\/\/eldiariodesanpedro.com.ar\/sitio\/wp-json\/wp\/v2\/users\/4"}],"replies":[{"embeddable":true,"href":"https:\/\/eldiariodesanpedro.com.ar\/sitio\/wp-json\/wp\/v2\/comments?post=116020"}],"version-history":[{"count":1,"href":"https:\/\/eldiariodesanpedro.com.ar\/sitio\/wp-json\/wp\/v2\/posts\/116020\/revisions"}],"predecessor-version":[{"id":116022,"href":"https:\/\/eldiariodesanpedro.com.ar\/sitio\/wp-json\/wp\/v2\/posts\/116020\/revisions\/116022"}],"wp:featuredmedia":[{"embeddable":true,"href":"https:\/\/eldiariodesanpedro.com.ar\/sitio\/wp-json\/wp\/v2\/media\/116021"}],"wp:attachment":[{"href":"https:\/\/eldiariodesanpedro.com.ar\/sitio\/wp-json\/wp\/v2\/media?parent=116020"}],"wp:term":[{"taxonomy":"category","embeddable":true,"href":"https:\/\/eldiariodesanpedro.com.ar\/sitio\/wp-json\/wp\/v2\/categories?post=116020"},{"taxonomy":"post_tag","embeddable":true,"href":"https:\/\/eldiariodesanpedro.com.ar\/sitio\/wp-json\/wp\/v2\/tags?post=116020"}],"curies":[{"name":"wp","href":"https:\/\/api.w.org\/{rel}","templated":true}]}}