{"id":116017,"date":"2023-03-17T15:47:30","date_gmt":"2023-03-17T18:47:30","guid":{"rendered":"https:\/\/eldiariodesanpedro.com.ar\/sitio\/?p=116017"},"modified":"2023-03-17T15:54:36","modified_gmt":"2023-03-17T18:54:36","slug":"un-joven-amenazo-a-su-madre-ataco-a-un-efectivo-policial-que-le-realizo-un-corte-en-un-brazo-y-amenazo-con-quitarse-la-vida","status":"publish","type":"post","link":"https:\/\/eldiariodesanpedro.com.ar\/sitio\/un-joven-amenazo-a-su-madre-ataco-a-un-efectivo-policial-que-le-realizo-un-corte-en-un-brazo-y-amenazo-con-quitarse-la-vida\/","title":{"rendered":"Un joven amenazo a su madre, ataco a un efectivo policial que le realizo un corte en un brazo y amenazo con quitarse la vida"},"content":{"rendered":"<!-- VideographyWP Plugin Message: Automatic video embedding prevented by plugin options. -->\n\n<p>Este jueves a ra\u00edz de un llamado a la oficina de la guardia a trav\u00e9s de bot\u00f3n antip\u00e1tico la polic\u00eda de nuestra ciudad se hace presente en una vivienda ubicada en calle Bozzano al 300 quienes se entrevistan con llamante femenina de 42 a\u00f1os de edad, la cual manifiesta que su hijo se encontraba hostil, se observa dicho comportamiento, mismo momento que comienza a amenazar a personal presente no desistiendo de su actitud, seguidamente rompe una ventana tomando dos vidrios con el que uno de ellos corta en el antebrazo izquierdo a personal policial femenino presentando lesiones car\u00e1cter leves, sent\u00e1ndose al borde de la ventana amenazando con quitarse la vida.<\/p>\n\n\n\n<p>Se comienza mediaci\u00f3n logrando que desista de su actitud, se traslada al masculino hacia nosocomio local en ambulancia junto con personal y familiar.<\/p>\n\n\n\n<p>Una vez en el hospital se lo asiste por personal m\u00e9dico y psiquiatra. Comunicaci\u00f3n UFI 5 dispone permanezca aprehendido en \u00e1rea de psiquiatr\u00eda, dem\u00e1s diligencias de rigor.-<\/p>\n","protected":false},"excerpt":{"rendered":"<p>Este jueves a ra\u00edz de un llamado a la oficina de la guardia a trav\u00e9s de bot\u00f3n antip\u00e1tico la polic\u00eda de nuestra ciudad se hace presente en una vivienda ubicada en calle Bozzano al 300 quienes se entrevistan con llamante femenina de 42 a\u00f1os de edad, la cual manifiesta que su hijo se encontraba hostil, [&hellip;]<\/p>\n","protected":false},"author":4,"featured_media":78774,"comment_status":"closed","ping_status":"closed","sticky":false,"template":"","format":"standard","meta":{"om_disable_all_campaigns":false,"_jetpack_memberships_contains_paid_content":false,"footnotes":""},"categories":[50,2,103],"tags":[197,33,95,19],"class_list":["post-116017","post","type-post","status-publish","format-standard","has-post-thumbnail","hentry","category-destacadas","category-locales","category-policiales-locales","tag-buenos-aires","tag-locales","tag-policiales","tag-san-pedro"],"aioseo_notices":[],"gutentor_comment":0,"jetpack_featured_media_url":"https:\/\/eldiariodesanpedro.com.ar\/sitio\/wp-content\/uploads\/2020\/08\/Policia-de-noche-2014-695x510-1.jpg","jetpack_shortlink":"https:\/\/wp.me\/p6RhLt-ubf","jetpack_sharing_enabled":true,"_links":{"self":[{"href":"https:\/\/eldiariodesanpedro.com.ar\/sitio\/wp-json\/wp\/v2\/posts\/116017","targetHints":{"allow":["GET"]}}],"collection":[{"href":"https:\/\/eldiariodesanpedro.com.ar\/sitio\/wp-json\/wp\/v2\/posts"}],"about":[{"href":"https:\/\/eldiariodesanpedro.com.ar\/sitio\/wp-json\/wp\/v2\/types\/post"}],"author":[{"embeddable":true,"href":"https:\/\/eldiariodesanpedro.com.ar\/sitio\/wp-json\/wp\/v2\/users\/4"}],"replies":[{"embeddable":true,"href":"https:\/\/eldiariodesanpedro.com.ar\/sitio\/wp-json\/wp\/v2\/comments?post=116017"}],"version-history":[{"count":2,"href":"https:\/\/eldiariodesanpedro.com.ar\/sitio\/wp-json\/wp\/v2\/posts\/116017\/revisions"}],"predecessor-version":[{"id":116019,"href":"https:\/\/eldiariodesanpedro.com.ar\/sitio\/wp-json\/wp\/v2\/posts\/116017\/revisions\/116019"}],"wp:featuredmedia":[{"embeddable":true,"href":"https:\/\/eldiariodesanpedro.com.ar\/sitio\/wp-json\/wp\/v2\/media\/78774"}],"wp:attachment":[{"href":"https:\/\/eldiariodesanpedro.com.ar\/sitio\/wp-json\/wp\/v2\/media?parent=116017"}],"wp:term":[{"taxonomy":"category","embeddable":true,"href":"https:\/\/eldiariodesanpedro.com.ar\/sitio\/wp-json\/wp\/v2\/categories?post=116017"},{"taxonomy":"post_tag","embeddable":true,"href":"https:\/\/eldiariodesanpedro.com.ar\/sitio\/wp-json\/wp\/v2\/tags?post=116017"}],"curies":[{"name":"wp","href":"https:\/\/api.w.org\/{rel}","templated":true}]}}