{"id":116014,"date":"2023-03-17T15:35:28","date_gmt":"2023-03-17T18:35:28","guid":{"rendered":"https:\/\/eldiariodesanpedro.com.ar\/sitio\/?p=116014"},"modified":"2023-03-17T15:35:30","modified_gmt":"2023-03-17T18:35:30","slug":"comienza-la-campana-de-vacunacion-antigripal-2023","status":"publish","type":"post","link":"https:\/\/eldiariodesanpedro.com.ar\/sitio\/comienza-la-campana-de-vacunacion-antigripal-2023\/","title":{"rendered":"Comienza la campa\u00f1a de vacunaci\u00f3n antigripal 2023"},"content":{"rendered":"<!-- VideographyWP Plugin Message: Automatic video embedding prevented by plugin options. -->\n\n<p>La Secretar\u00eda de Salud de la Municipalidad de San Pedro informa que este viernes comienza la Campa\u00f1a Nacional de Vacunaci\u00f3n Antigripal 2023, destinada en el inicio al personal de salud. Est\u00e1 previsto que pr\u00f3ximamente puedan vacunarse embarazadas y pu\u00e9rperas, ni\u00f1as y ni\u00f1os de 6 a 24 meses, personas de 2 a 64 a\u00f1os con factores de riesgo, mayores de 65 a\u00f1os, y personal estrat\u00e9gico. La fecha ser\u00e1 comunicada oportunamente puesto que las acciones se llevar\u00e1n a cabo de manera escalonada.<\/p>\n\n\n\n<p>Es importante mencionar que estar\u00e1 disponible en el Hospital Municipal Dr. Emilio Ruffa como as\u00ed tambi\u00e9n en los centros de salud.<\/p>\n\n\n\n<p>La vacuna antigripal tiene por objetivo reducir las complicaciones, hospitalizaciones, secuelas y muertes ocasionadas por la infecci\u00f3n por el virus influenza en la poblaci\u00f3n de riesgo.<\/p>\n\n\n\n<p>Recordemos que la gripe o influenza es una enfermedad viral respiratoria muy transmisible ya que se contagia de una persona a otra, por el contacto de gotitas provenientes de la v\u00eda respiratoria de personas infectadas que se propagan al toser, estornudar o tambi\u00e9n a trav\u00e9s de superficies u objetos contaminados con estas secreciones.<\/p>\n\n\n\n<p>Si bien, por lo general, la mayor\u00eda de los afectados se recupera en una o dos semanas, en los grupos poblaciones de riesgo puede ocasionar graves complicaciones.<\/p>\n","protected":false},"excerpt":{"rendered":"<p>La Secretar\u00eda de Salud de la Municipalidad de San Pedro informa que este viernes comienza la Campa\u00f1a Nacional de Vacunaci\u00f3n Antigripal 2023, destinada en el inicio al personal de salud. Est\u00e1 previsto que pr\u00f3ximamente puedan vacunarse embarazadas y pu\u00e9rperas, ni\u00f1as y ni\u00f1os de 6 a 24 meses, personas de 2 a 64 a\u00f1os con factores [&hellip;]<\/p>\n","protected":false},"author":4,"featured_media":116015,"comment_status":"closed","ping_status":"closed","sticky":false,"template":"","format":"standard","meta":{"om_disable_all_campaigns":false,"_jetpack_memberships_contains_paid_content":false,"footnotes":""},"categories":[101,2],"tags":[197,696,33,19],"class_list":["post-116014","post","type-post","status-publish","format-standard","has-post-thumbnail","hentry","category-interes-general-locales","category-locales","tag-buenos-aires","tag-interes-general","tag-locales","tag-san-pedro"],"aioseo_notices":[],"gutentor_comment":0,"jetpack_featured_media_url":"https:\/\/eldiariodesanpedro.com.ar\/sitio\/wp-content\/uploads\/2023\/03\/vacunacion-adultos.jpg","jetpack_shortlink":"https:\/\/wp.me\/p6RhLt-ubc","jetpack_sharing_enabled":true,"_links":{"self":[{"href":"https:\/\/eldiariodesanpedro.com.ar\/sitio\/wp-json\/wp\/v2\/posts\/116014","targetHints":{"allow":["GET"]}}],"collection":[{"href":"https:\/\/eldiariodesanpedro.com.ar\/sitio\/wp-json\/wp\/v2\/posts"}],"about":[{"href":"https:\/\/eldiariodesanpedro.com.ar\/sitio\/wp-json\/wp\/v2\/types\/post"}],"author":[{"embeddable":true,"href":"https:\/\/eldiariodesanpedro.com.ar\/sitio\/wp-json\/wp\/v2\/users\/4"}],"replies":[{"embeddable":true,"href":"https:\/\/eldiariodesanpedro.com.ar\/sitio\/wp-json\/wp\/v2\/comments?post=116014"}],"version-history":[{"count":1,"href":"https:\/\/eldiariodesanpedro.com.ar\/sitio\/wp-json\/wp\/v2\/posts\/116014\/revisions"}],"predecessor-version":[{"id":116016,"href":"https:\/\/eldiariodesanpedro.com.ar\/sitio\/wp-json\/wp\/v2\/posts\/116014\/revisions\/116016"}],"wp:featuredmedia":[{"embeddable":true,"href":"https:\/\/eldiariodesanpedro.com.ar\/sitio\/wp-json\/wp\/v2\/media\/116015"}],"wp:attachment":[{"href":"https:\/\/eldiariodesanpedro.com.ar\/sitio\/wp-json\/wp\/v2\/media?parent=116014"}],"wp:term":[{"taxonomy":"category","embeddable":true,"href":"https:\/\/eldiariodesanpedro.com.ar\/sitio\/wp-json\/wp\/v2\/categories?post=116014"},{"taxonomy":"post_tag","embeddable":true,"href":"https:\/\/eldiariodesanpedro.com.ar\/sitio\/wp-json\/wp\/v2\/tags?post=116014"}],"curies":[{"name":"wp","href":"https:\/\/api.w.org\/{rel}","templated":true}]}}