{"id":116001,"date":"2023-03-17T14:56:51","date_gmt":"2023-03-17T17:56:51","guid":{"rendered":"https:\/\/eldiariodesanpedro.com.ar\/sitio\/?p=116001"},"modified":"2023-03-17T14:56:53","modified_gmt":"2023-03-17T17:56:53","slug":"las-fuerzas-de-la-naturaleza-primera-muestra-artistica-del-ano-del-museo-historico","status":"publish","type":"post","link":"https:\/\/eldiariodesanpedro.com.ar\/sitio\/las-fuerzas-de-la-naturaleza-primera-muestra-artistica-del-ano-del-museo-historico\/","title":{"rendered":"\u00abLas fuerzas de la naturaleza\u00bb primera muestra art\u00edstica del a\u00f1o del Museo Hist\u00f3rico"},"content":{"rendered":"<!-- VideographyWP Plugin Message: Automatic video embedding prevented by plugin options. -->\n\n<p>La Asociaci\u00f3n de Amigos del Centro de Estudios Hist\u00f3ricos de San Pedro presenta la primera muestra art\u00edstica del a\u00f1o: \u00abLas fuerzas de la naturaleza\u00bb, a cargo de Irma Martinengo.<\/p>\n\n\n\n<p>Irma Zulema&nbsp; Martinengo naci\u00f3 en La Plata en 1939. Es maestra Normal e Ingeniera Agr\u00f3noma. Lleg\u00f3 a San Pedro en 1965, para trabajar como investigadora en la E.E.A. INTA de San Pedro, en la especialidad Fitopatolog\u00eda (enfermedades de las plantas). Obtiene su jubilaci\u00f3n en el a\u00f1o 2001 y se dedica a la producci\u00f3n frut\u00edcola y viveros hasta el 2014. All\u00ed abandona la actividad agr\u00edcola e incursiona en el mundo del arte, que la atrapa y apasiona. La pintura pas\u00f3 a ser, una parte esencial en su vida, porque le permite so\u00f1ar, expresarse y transmitir conocimientos.<\/p>\n\n\n\n<p>Nos presenta en nueva puesta a los cuatro elementos de la naturaleza, aire, agua, fuego y tierra, fueron desde tiempos antiguos, los constituyentes b\u00e1sicos del mundo f\u00edsico, cuyo dinamismo, nos mantiene vivos. El estilo de arte predominante es el figurativo, con algunas obras en surrealismo, abstracto geom\u00e9trico y expresionismo. La muestra pretende revalorizar nuestro espacio natural y humano transmitiendo la alegr\u00eda de vivir.<\/p>\n\n\n\n<p>El acto de apertura tendr\u00e1 lugar en la sede del Museo Hist\u00f3rico, 9 de Julio 134, el DOMINGO 26 de MARZO\u00a0 a las 19 H. Contar\u00e1 con una manifestaci\u00f3n de la artista sobre su obra, m\u00fasica y un vino de honor. La entrada ser\u00e1 libre y gratuita.<\/p>\n\n\n\n<figure class=\"wp-block-image size-full\"><img decoding=\"async\" width=\"445\" height=\"630\" data-attachment-id=\"116003\" data-permalink=\"https:\/\/eldiariodesanpedro.com.ar\/sitio\/las-fuerzas-de-la-naturaleza-primera-muestra-artistica-del-ano-del-museo-historico\/muestra-marzo-2023\/\" data-orig-file=\"https:\/\/eldiariodesanpedro.com.ar\/sitio\/wp-content\/uploads\/2023\/03\/MUESTRA-MARZO-2023.jpg\" data-orig-size=\"445,630\" data-comments-opened=\"0\" data-image-meta=\"{&quot;aperture&quot;:&quot;0&quot;,&quot;credit&quot;:&quot;&quot;,&quot;camera&quot;:&quot;&quot;,&quot;caption&quot;:&quot;&quot;,&quot;created_timestamp&quot;:&quot;0&quot;,&quot;copyright&quot;:&quot;&quot;,&quot;focal_length&quot;:&quot;0&quot;,&quot;iso&quot;:&quot;0&quot;,&quot;shutter_speed&quot;:&quot;0&quot;,&quot;title&quot;:&quot;&quot;,&quot;orientation&quot;:&quot;1&quot;}\" data-image-title=\"MUESTRA MARZO 2023\" data-image-description=\"\" data-image-caption=\"\" data-large-file=\"https:\/\/eldiariodesanpedro.com.ar\/sitio\/wp-content\/uploads\/2023\/03\/MUESTRA-MARZO-2023.jpg\" data-src=\"https:\/\/eldiariodesanpedro.com.ar\/sitio\/wp-content\/uploads\/2023\/03\/MUESTRA-MARZO-2023.jpg\" alt=\"\" class=\"wp-image-116003 lazyload\" data-srcset=\"https:\/\/eldiariodesanpedro.com.ar\/sitio\/wp-content\/uploads\/2023\/03\/MUESTRA-MARZO-2023.jpg 445w, https:\/\/eldiariodesanpedro.com.ar\/sitio\/wp-content\/uploads\/2023\/03\/MUESTRA-MARZO-2023-212x300.jpg 212w\" data-sizes=\"(max-width: 445px) 100vw, 445px\" src=\"data:image\/svg+xml;base64,PHN2ZyB3aWR0aD0iMSIgaGVpZ2h0PSIxIiB4bWxucz0iaHR0cDovL3d3dy53My5vcmcvMjAwMC9zdmciPjwvc3ZnPg==\" style=\"--smush-placeholder-width: 445px; --smush-placeholder-aspect-ratio: 445\/630;\" \/><\/figure>\n","protected":false},"excerpt":{"rendered":"<p>La Asociaci\u00f3n de Amigos del Centro de Estudios Hist\u00f3ricos de San Pedro presenta la primera muestra art\u00edstica del a\u00f1o: \u00abLas fuerzas de la naturaleza\u00bb, a cargo de Irma Martinengo. Irma Zulema&nbsp; Martinengo naci\u00f3 en La Plata en 1939. Es maestra Normal e Ingeniera Agr\u00f3noma. Lleg\u00f3 a San Pedro en 1965, para trabajar como investigadora en [&hellip;]<\/p>\n","protected":false},"author":4,"featured_media":116002,"comment_status":"closed","ping_status":"closed","sticky":false,"template":"","format":"standard","meta":{"om_disable_all_campaigns":false,"_jetpack_memberships_contains_paid_content":false,"footnotes":""},"categories":[101,2],"tags":[197,696,33,19],"class_list":["post-116001","post","type-post","status-publish","format-standard","has-post-thumbnail","hentry","category-interes-general-locales","category-locales","tag-buenos-aires","tag-interes-general","tag-locales","tag-san-pedro"],"aioseo_notices":[],"gutentor_comment":0,"jetpack_featured_media_url":"https:\/\/eldiariodesanpedro.com.ar\/sitio\/wp-content\/uploads\/2023\/03\/medida-17.jpg","jetpack_shortlink":"https:\/\/wp.me\/p6RhLt-uaZ","jetpack_sharing_enabled":true,"_links":{"self":[{"href":"https:\/\/eldiariodesanpedro.com.ar\/sitio\/wp-json\/wp\/v2\/posts\/116001","targetHints":{"allow":["GET"]}}],"collection":[{"href":"https:\/\/eldiariodesanpedro.com.ar\/sitio\/wp-json\/wp\/v2\/posts"}],"about":[{"href":"https:\/\/eldiariodesanpedro.com.ar\/sitio\/wp-json\/wp\/v2\/types\/post"}],"author":[{"embeddable":true,"href":"https:\/\/eldiariodesanpedro.com.ar\/sitio\/wp-json\/wp\/v2\/users\/4"}],"replies":[{"embeddable":true,"href":"https:\/\/eldiariodesanpedro.com.ar\/sitio\/wp-json\/wp\/v2\/comments?post=116001"}],"version-history":[{"count":1,"href":"https:\/\/eldiariodesanpedro.com.ar\/sitio\/wp-json\/wp\/v2\/posts\/116001\/revisions"}],"predecessor-version":[{"id":116004,"href":"https:\/\/eldiariodesanpedro.com.ar\/sitio\/wp-json\/wp\/v2\/posts\/116001\/revisions\/116004"}],"wp:featuredmedia":[{"embeddable":true,"href":"https:\/\/eldiariodesanpedro.com.ar\/sitio\/wp-json\/wp\/v2\/media\/116002"}],"wp:attachment":[{"href":"https:\/\/eldiariodesanpedro.com.ar\/sitio\/wp-json\/wp\/v2\/media?parent=116001"}],"wp:term":[{"taxonomy":"category","embeddable":true,"href":"https:\/\/eldiariodesanpedro.com.ar\/sitio\/wp-json\/wp\/v2\/categories?post=116001"},{"taxonomy":"post_tag","embeddable":true,"href":"https:\/\/eldiariodesanpedro.com.ar\/sitio\/wp-json\/wp\/v2\/tags?post=116001"}],"curies":[{"name":"wp","href":"https:\/\/api.w.org\/{rel}","templated":true}]}}