{"id":115999,"date":"2023-03-17T14:33:37","date_gmt":"2023-03-17T17:33:37","guid":{"rendered":"https:\/\/eldiariodesanpedro.com.ar\/sitio\/?p=115999"},"modified":"2023-03-17T14:33:38","modified_gmt":"2023-03-17T17:33:38","slug":"anses-informa-hasta-el-31-de-marzo-hay-tiempo-para-inscribirse-a-las-becas-progresar","status":"publish","type":"post","link":"https:\/\/eldiariodesanpedro.com.ar\/sitio\/anses-informa-hasta-el-31-de-marzo-hay-tiempo-para-inscribirse-a-las-becas-progresar\/","title":{"rendered":"Anses Informa: Hasta el 31 de marzo hay tiempo para inscribirse a las Becas Progresar"},"content":{"rendered":"<!-- VideographyWP Plugin Message: Automatic video embedding prevented by plugin options. -->\n\n<p>ANSES recuerda que hasta el 31 de marzo permanece abierta la inscripci\u00f3n&nbsp;para la primera convocatoria del a\u00f1o a las&nbsp;<em>Becas Progresar<\/em>&nbsp;en todas sus l\u00edneas:&nbsp;<em>Progresar 16 y 17 a\u00f1os<\/em>;&nbsp;<em>Progresar Obligatorio<\/em>;&nbsp;<em>Progresar Superior<\/em>;&nbsp;<em>Progresar Enfermer\u00eda&nbsp;<\/em>y&nbsp;<em>Progresar Trabajo<\/em>.<\/p>\n\n\n\n<p>El programa de becas, impulsado por ANSES y el Ministerio de Educaci\u00f3n de la Naci\u00f3n, consiste en un incentivo econ\u00f3mico para que j\u00f3venes de todo el pa\u00eds terminen sus estudios. El valor general es de 9000 pesos, incluye un plus por conectividad, se percibe el 80 por ciento todos los meses y el 20 por ciento restante, acreditando la condici\u00f3n de alumno regular. Adem\u00e1s, junto con el cobro de la beca, pueden acceder al descuento del 55 por ciento en el transporte p\u00fablico y realizar cursos gratuitos de lenguas extranjeras.<\/p>\n\n\n\n<p>Quienes est\u00e9n interesados en anotarse pueden hacerlo desde&nbsp;<a href=\"http:\/\/www.argentina.gob.ar\/educacion\/progresar\" target=\"_blank\" rel=\"noreferrer noopener\">www.argentina.gob.ar\/educacion\/progresar<\/a>.&nbsp;En el caso de&nbsp;<em>Progresar Trabajo<\/em>, la inscripci\u00f3n es durante todo el a\u00f1o.<\/p>\n\n\n\n<p>Es importante tener en cuenta que los ingresos del grupo familiar no deben ser superiores a 3 Salarios M\u00ednimos, Vitales y M\u00f3viles (SMVM).<\/p>\n\n\n\n<p>Para m\u00e1s informaci\u00f3n, se puede ingresar&nbsp;<a href=\"https:\/\/www.anses.gob.ar\/educacion\/progresar\" target=\"_blank\" rel=\"noreferrer noopener\">aqu\u00ed<\/a>.<\/p>\n","protected":false},"excerpt":{"rendered":"<p>ANSES recuerda que hasta el 31 de marzo permanece abierta la inscripci\u00f3n&nbsp;para la primera convocatoria del a\u00f1o a las&nbsp;Becas Progresar&nbsp;en todas sus l\u00edneas:&nbsp;Progresar 16 y 17 a\u00f1os;&nbsp;Progresar Obligatorio;&nbsp;Progresar Superior;&nbsp;Progresar Enfermer\u00eda&nbsp;y&nbsp;Progresar Trabajo. El programa de becas, impulsado por ANSES y el Ministerio de Educaci\u00f3n de la Naci\u00f3n, consiste en un incentivo econ\u00f3mico para que j\u00f3venes de [&hellip;]<\/p>\n","protected":false},"author":4,"featured_media":111293,"comment_status":"closed","ping_status":"closed","sticky":false,"template":"","format":"standard","meta":{"om_disable_all_campaigns":false,"_jetpack_memberships_contains_paid_content":false,"footnotes":""},"categories":[101,2],"tags":[197,696,33,19],"class_list":["post-115999","post","type-post","status-publish","format-standard","has-post-thumbnail","hentry","category-interes-general-locales","category-locales","tag-buenos-aires","tag-interes-general","tag-locales","tag-san-pedro"],"aioseo_notices":[],"gutentor_comment":0,"jetpack_featured_media_url":"https:\/\/eldiariodesanpedro.com.ar\/sitio\/wp-content\/uploads\/2022\/10\/anses.png","jetpack_shortlink":"https:\/\/wp.me\/p6RhLt-uaX","jetpack_sharing_enabled":true,"_links":{"self":[{"href":"https:\/\/eldiariodesanpedro.com.ar\/sitio\/wp-json\/wp\/v2\/posts\/115999","targetHints":{"allow":["GET"]}}],"collection":[{"href":"https:\/\/eldiariodesanpedro.com.ar\/sitio\/wp-json\/wp\/v2\/posts"}],"about":[{"href":"https:\/\/eldiariodesanpedro.com.ar\/sitio\/wp-json\/wp\/v2\/types\/post"}],"author":[{"embeddable":true,"href":"https:\/\/eldiariodesanpedro.com.ar\/sitio\/wp-json\/wp\/v2\/users\/4"}],"replies":[{"embeddable":true,"href":"https:\/\/eldiariodesanpedro.com.ar\/sitio\/wp-json\/wp\/v2\/comments?post=115999"}],"version-history":[{"count":1,"href":"https:\/\/eldiariodesanpedro.com.ar\/sitio\/wp-json\/wp\/v2\/posts\/115999\/revisions"}],"predecessor-version":[{"id":116000,"href":"https:\/\/eldiariodesanpedro.com.ar\/sitio\/wp-json\/wp\/v2\/posts\/115999\/revisions\/116000"}],"wp:featuredmedia":[{"embeddable":true,"href":"https:\/\/eldiariodesanpedro.com.ar\/sitio\/wp-json\/wp\/v2\/media\/111293"}],"wp:attachment":[{"href":"https:\/\/eldiariodesanpedro.com.ar\/sitio\/wp-json\/wp\/v2\/media?parent=115999"}],"wp:term":[{"taxonomy":"category","embeddable":true,"href":"https:\/\/eldiariodesanpedro.com.ar\/sitio\/wp-json\/wp\/v2\/categories?post=115999"},{"taxonomy":"post_tag","embeddable":true,"href":"https:\/\/eldiariodesanpedro.com.ar\/sitio\/wp-json\/wp\/v2\/tags?post=115999"}],"curies":[{"name":"wp","href":"https:\/\/api.w.org\/{rel}","templated":true}]}}