{"id":115996,"date":"2023-03-16T15:24:50","date_gmt":"2023-03-16T18:24:50","guid":{"rendered":"https:\/\/eldiariodesanpedro.com.ar\/sitio\/?p=115996"},"modified":"2023-03-16T15:24:52","modified_gmt":"2023-03-16T18:24:52","slug":"los-10-anos-de-frutos-de-la-tierra-y-el-rio-y-un-cronograma-conjunto-con-mercados-bonaerenses-desde-este-sabado-en-la-plaza-constitucion","status":"publish","type":"post","link":"https:\/\/eldiariodesanpedro.com.ar\/sitio\/los-10-anos-de-frutos-de-la-tierra-y-el-rio-y-un-cronograma-conjunto-con-mercados-bonaerenses-desde-este-sabado-en-la-plaza-constitucion\/","title":{"rendered":"Los 10 a\u00f1os de Frutos de la Tierra y el R\u00edo, y un cronograma conjunto con Mercados Bonaerenses desde este s\u00e1bado en la Plaza Constituci\u00f3n"},"content":{"rendered":"<!-- VideographyWP Plugin Message: Automatic video embedding prevented by plugin options. -->\n\n<p>A partir de este s\u00e1bado 18 de marzo arranca el calendario que este a\u00f1o compartir\u00e1n, ampliando la propuesta para sampedrinos y turistas, Frutos de la Tierra que cumple 10 a\u00f1os desde su lanzamiento y Mercados Bonaerenses.<\/p>\n\n\n\n<p>La iniciativa que comenz\u00f3 en mayo de 2013 con los productores nucleados a trav\u00e9s de diferentes instituciones y organismos, con un fuerte apoyo del INTA, este a\u00f1o se fortalecer\u00e1 sumando en el mismo espacio y en reiteradas ocasiones este 2023, a todos los participantes de la propuesta Mercados Bonaerenses que tambi\u00e9n, con el acompa\u00f1amiento del gobierno municipal y provincial, convoc\u00f3 a miles de personas durante el a\u00f1o pasado.<\/p>\n\n\n\n<p>As\u00ed como \u00abFrutos de la Tierra y el R\u00edo\u00bb logr\u00f3 generar un espacio con venta, promoci\u00f3n y desarrollo de actividades relacionadas con sus productores, \u00abMercados Bonaerenses\u201d, lanzada por el Ministerio de Desarrollo Agrario en toda la provincia, que en San Pedro cuenta con la coordinaci\u00f3n de la Secretar\u00eda de Desarrollo Econ\u00f3mico, es un \u00e1mbito ideal para promover el desarrollo de canales alternativos de comercializaci\u00f3n, garantizar a los vecinos y las vecinas de San Pedro el acceso a una oferta variada de alimentos e impulsar la producci\u00f3n de nuestra ciudad, creando una red a nivel local, regional y provincial.<br>La intenci\u00f3n es ofrecer m\u00e1s alternativas a quienes est\u00e9n paseando o vayan haciendo sus compras, sin perder la identidad y el esp\u00edritu de cada propuesta.<\/p>\n\n\n\n<p>Las ferias estar\u00e1n en la Calle Hip\u00f3lito Yrigoyen con una nueva disposici\u00f3n que se pondr\u00e1 a prueba el s\u00e1bado 18 de marzo, de 10 a 18 hs.<\/p>\n\n\n\n<figure class=\"wp-block-image size-full\"><img decoding=\"async\" width=\"752\" height=\"630\" data-attachment-id=\"115997\" data-permalink=\"https:\/\/eldiariodesanpedro.com.ar\/sitio\/los-10-anos-de-frutos-de-la-tierra-y-el-rio-y-un-cronograma-conjunto-con-mercados-bonaerenses-desde-este-sabado-en-la-plaza-constitucion\/whatsapp-image-2023-03-16-at-13-24-03\/\" data-orig-file=\"https:\/\/eldiariodesanpedro.com.ar\/sitio\/wp-content\/uploads\/2023\/03\/WhatsApp-Image-2023-03-16-at-13.24.03.jpeg\" data-orig-size=\"752,630\" data-comments-opened=\"0\" data-image-meta=\"{&quot;aperture&quot;:&quot;0&quot;,&quot;credit&quot;:&quot;&quot;,&quot;camera&quot;:&quot;&quot;,&quot;caption&quot;:&quot;&quot;,&quot;created_timestamp&quot;:&quot;0&quot;,&quot;copyright&quot;:&quot;&quot;,&quot;focal_length&quot;:&quot;0&quot;,&quot;iso&quot;:&quot;0&quot;,&quot;shutter_speed&quot;:&quot;0&quot;,&quot;title&quot;:&quot;&quot;,&quot;orientation&quot;:&quot;0&quot;}\" data-image-title=\"WhatsApp Image 2023-03-16 at 13.24.03\" data-image-description=\"\" data-image-caption=\"\" data-large-file=\"https:\/\/eldiariodesanpedro.com.ar\/sitio\/wp-content\/uploads\/2023\/03\/WhatsApp-Image-2023-03-16-at-13.24.03.jpeg\" data-src=\"https:\/\/eldiariodesanpedro.com.ar\/sitio\/wp-content\/uploads\/2023\/03\/WhatsApp-Image-2023-03-16-at-13.24.03.jpeg\" alt=\"\" class=\"wp-image-115997 lazyload\" data-srcset=\"https:\/\/eldiariodesanpedro.com.ar\/sitio\/wp-content\/uploads\/2023\/03\/WhatsApp-Image-2023-03-16-at-13.24.03.jpeg 752w, https:\/\/eldiariodesanpedro.com.ar\/sitio\/wp-content\/uploads\/2023\/03\/WhatsApp-Image-2023-03-16-at-13.24.03-300x251.jpeg 300w\" data-sizes=\"(max-width: 752px) 100vw, 752px\" src=\"data:image\/svg+xml;base64,PHN2ZyB3aWR0aD0iMSIgaGVpZ2h0PSIxIiB4bWxucz0iaHR0cDovL3d3dy53My5vcmcvMjAwMC9zdmciPjwvc3ZnPg==\" style=\"--smush-placeholder-width: 752px; --smush-placeholder-aspect-ratio: 752\/630;\" \/><\/figure>\n","protected":false},"excerpt":{"rendered":"<p>A partir de este s\u00e1bado 18 de marzo arranca el calendario que este a\u00f1o compartir\u00e1n, ampliando la propuesta para sampedrinos y turistas, Frutos de la Tierra que cumple 10 a\u00f1os desde su lanzamiento y Mercados Bonaerenses. La iniciativa que comenz\u00f3 en mayo de 2013 con los productores nucleados a trav\u00e9s de diferentes instituciones y organismos, [&hellip;]<\/p>\n","protected":false},"author":4,"featured_media":111955,"comment_status":"closed","ping_status":"closed","sticky":false,"template":"","format":"standard","meta":{"om_disable_all_campaigns":false,"_jetpack_memberships_contains_paid_content":false,"footnotes":""},"categories":[50,101,2],"tags":[197,696,33,19],"class_list":["post-115996","post","type-post","status-publish","format-standard","has-post-thumbnail","hentry","category-destacadas","category-interes-general-locales","category-locales","tag-buenos-aires","tag-interes-general","tag-locales","tag-san-pedro"],"aioseo_notices":[],"gutentor_comment":0,"jetpack_featured_media_url":"https:\/\/eldiariodesanpedro.com.ar\/sitio\/wp-content\/uploads\/2022\/11\/mercados-bonaerenses-SP.jpg","jetpack_shortlink":"https:\/\/wp.me\/p6RhLt-uaU","jetpack_sharing_enabled":true,"_links":{"self":[{"href":"https:\/\/eldiariodesanpedro.com.ar\/sitio\/wp-json\/wp\/v2\/posts\/115996","targetHints":{"allow":["GET"]}}],"collection":[{"href":"https:\/\/eldiariodesanpedro.com.ar\/sitio\/wp-json\/wp\/v2\/posts"}],"about":[{"href":"https:\/\/eldiariodesanpedro.com.ar\/sitio\/wp-json\/wp\/v2\/types\/post"}],"author":[{"embeddable":true,"href":"https:\/\/eldiariodesanpedro.com.ar\/sitio\/wp-json\/wp\/v2\/users\/4"}],"replies":[{"embeddable":true,"href":"https:\/\/eldiariodesanpedro.com.ar\/sitio\/wp-json\/wp\/v2\/comments?post=115996"}],"version-history":[{"count":1,"href":"https:\/\/eldiariodesanpedro.com.ar\/sitio\/wp-json\/wp\/v2\/posts\/115996\/revisions"}],"predecessor-version":[{"id":115998,"href":"https:\/\/eldiariodesanpedro.com.ar\/sitio\/wp-json\/wp\/v2\/posts\/115996\/revisions\/115998"}],"wp:featuredmedia":[{"embeddable":true,"href":"https:\/\/eldiariodesanpedro.com.ar\/sitio\/wp-json\/wp\/v2\/media\/111955"}],"wp:attachment":[{"href":"https:\/\/eldiariodesanpedro.com.ar\/sitio\/wp-json\/wp\/v2\/media?parent=115996"}],"wp:term":[{"taxonomy":"category","embeddable":true,"href":"https:\/\/eldiariodesanpedro.com.ar\/sitio\/wp-json\/wp\/v2\/categories?post=115996"},{"taxonomy":"post_tag","embeddable":true,"href":"https:\/\/eldiariodesanpedro.com.ar\/sitio\/wp-json\/wp\/v2\/tags?post=115996"}],"curies":[{"name":"wp","href":"https:\/\/api.w.org\/{rel}","templated":true}]}}