{"id":115972,"date":"2023-03-15T17:43:39","date_gmt":"2023-03-15T20:43:39","guid":{"rendered":"https:\/\/eldiariodesanpedro.com.ar\/sitio\/?p=115972"},"modified":"2023-03-15T17:43:41","modified_gmt":"2023-03-15T20:43:41","slug":"edicto-de-sucesion-de-margarita-sebastiana-moragues","status":"publish","type":"post","link":"https:\/\/eldiariodesanpedro.com.ar\/sitio\/edicto-de-sucesion-de-margarita-sebastiana-moragues\/","title":{"rendered":"Edicto de Sucesi\u00f3n de Margarita Sebastiana Moragues"},"content":{"rendered":"<!-- VideographyWP Plugin Message: Automatic video embedding prevented by plugin options. -->\n\n<p>El Juzgado de Paz Letrado de San Pedro, Secretar\u00eda \u00danica del Departamento Judicial de San Nicol\u00e1s, cita y emplaza por el t\u00e9rmino de treinta d\u00edas a herederos y acreedores de Do\u00f1a Margarita Sebastiana Moragues. San Pedro, 10 de marzo de 2023.<\/p>\n\n\n\n<p>FACUNDO VELL\u00d3N<br>ABOGADO SECRETARIO<\/p>\n\n\n\n<p>(Publicaci\u00f3n V\u00e1lida por los d\u00edas 15, 16 y 17 de marzo de 2023)<\/p>\n","protected":false},"excerpt":{"rendered":"<p>El Juzgado de Paz Letrado de San Pedro, Secretar\u00eda \u00danica del Departamento Judicial de San Nicol\u00e1s, cita y emplaza por el t\u00e9rmino de treinta d\u00edas a herederos y acreedores de Do\u00f1a Margarita Sebastiana Moragues. San Pedro, 10 de marzo de 2023. FACUNDO VELL\u00d3NABOGADO SECRETARIO (Publicaci\u00f3n V\u00e1lida por los d\u00edas 15, 16 y 17 de marzo [&hellip;]<\/p>\n","protected":false},"author":4,"featured_media":102746,"comment_status":"closed","ping_status":"closed","sticky":false,"template":"","format":"standard","meta":{"om_disable_all_campaigns":false,"_jetpack_memberships_contains_paid_content":false,"footnotes":""},"categories":[676,677],"tags":[197,3434,1355,19,1122],"class_list":["post-115972","post","type-post","status-publish","format-standard","has-post-thumbnail","hentry","category-edictos","category-edictos-sucesorios","tag-buenos-aires","tag-edicto-de-sucesion-de-margarita-sebastiana-moragues","tag-judiciales","tag-san-pedro","tag-sucesion"],"aioseo_notices":[],"gutentor_comment":0,"jetpack_featured_media_url":"https:\/\/eldiariodesanpedro.com.ar\/sitio\/wp-content\/uploads\/2022\/01\/EDICTO.jpg","jetpack_shortlink":"https:\/\/wp.me\/p6RhLt-uaw","jetpack_sharing_enabled":true,"_links":{"self":[{"href":"https:\/\/eldiariodesanpedro.com.ar\/sitio\/wp-json\/wp\/v2\/posts\/115972","targetHints":{"allow":["GET"]}}],"collection":[{"href":"https:\/\/eldiariodesanpedro.com.ar\/sitio\/wp-json\/wp\/v2\/posts"}],"about":[{"href":"https:\/\/eldiariodesanpedro.com.ar\/sitio\/wp-json\/wp\/v2\/types\/post"}],"author":[{"embeddable":true,"href":"https:\/\/eldiariodesanpedro.com.ar\/sitio\/wp-json\/wp\/v2\/users\/4"}],"replies":[{"embeddable":true,"href":"https:\/\/eldiariodesanpedro.com.ar\/sitio\/wp-json\/wp\/v2\/comments?post=115972"}],"version-history":[{"count":1,"href":"https:\/\/eldiariodesanpedro.com.ar\/sitio\/wp-json\/wp\/v2\/posts\/115972\/revisions"}],"predecessor-version":[{"id":115973,"href":"https:\/\/eldiariodesanpedro.com.ar\/sitio\/wp-json\/wp\/v2\/posts\/115972\/revisions\/115973"}],"wp:featuredmedia":[{"embeddable":true,"href":"https:\/\/eldiariodesanpedro.com.ar\/sitio\/wp-json\/wp\/v2\/media\/102746"}],"wp:attachment":[{"href":"https:\/\/eldiariodesanpedro.com.ar\/sitio\/wp-json\/wp\/v2\/media?parent=115972"}],"wp:term":[{"taxonomy":"category","embeddable":true,"href":"https:\/\/eldiariodesanpedro.com.ar\/sitio\/wp-json\/wp\/v2\/categories?post=115972"},{"taxonomy":"post_tag","embeddable":true,"href":"https:\/\/eldiariodesanpedro.com.ar\/sitio\/wp-json\/wp\/v2\/tags?post=115972"}],"curies":[{"name":"wp","href":"https:\/\/api.w.org\/{rel}","templated":true}]}}