{"id":115963,"date":"2023-03-15T16:28:35","date_gmt":"2023-03-15T19:28:35","guid":{"rendered":"https:\/\/eldiariodesanpedro.com.ar\/sitio\/?p=115963"},"modified":"2023-03-15T16:34:23","modified_gmt":"2023-03-15T19:34:23","slug":"allanamiento-en-el-bajo-puerto-por-un-grave-robo-ocurrido-en-calle-romulo-naon-al-500","status":"publish","type":"post","link":"https:\/\/eldiariodesanpedro.com.ar\/sitio\/allanamiento-en-el-bajo-puerto-por-un-grave-robo-ocurrido-en-calle-romulo-naon-al-500\/","title":{"rendered":"Allanamiento en el Bajo Puerto por un grave robo ocurrido en calle Romulo Naon al 500"},"content":{"rendered":"<!-- VideographyWP Plugin Message: Automatic video embedding prevented by plugin options. -->\n\n<p>Este mi\u00e9rcoles la polic\u00eda de nuestra ciudad realizo un allanamiento por el robo ocurrido en una vivienda ubicada en calle Romulo Naon al 500 el pasado domino en horas de la madrugada.<\/p>\n\n\n\n<p>Alrededor de 6 patrulleros de Grupo GAD, GTO, DDI y efectivos de la comisaria local realizaron cuatro allanamientos en el barrio Bajo Puerto en b\u00fasqueda de elementos vinculados al il\u00edcito.<\/p>\n\n\n\n<p>El hecho se hab\u00eda registrado el pasado domingo en horas de la madrugada cuando delincuentes ingresaron a una vivienda tras violentar una ventana, y al encontrasre con el morador lo redujeron tap\u00e1ndole la cabeza, at\u00e1ndolo de pies y manos y llev\u00e1ndose una gran cantidad de dinero.<\/p>\n\n\n\n<p>Tras varias investigaciones por parte de la DDI llegaron a estos domicilios de Bajo puerto donde hoy se realizan las requisas para dar con el bot\u00edn o elementos y personas que se relacionen con el robo.<\/p>\n\n\n\n<p>Seg\u00fan informaron en estos operativos no se pudo encontrar nada por lo que el resultado fue negativo.<\/p>\n","protected":false},"excerpt":{"rendered":"<p>Este mi\u00e9rcoles la polic\u00eda de nuestra ciudad realizo un allanamiento por el robo ocurrido en una vivienda ubicada en calle Romulo Naon al 500 el pasado domino en horas de la madrugada. Alrededor de 6 patrulleros de Grupo GAD, GTO, DDI y efectivos de la comisaria local realizaron cuatro allanamientos en el barrio Bajo Puerto [&hellip;]<\/p>\n","protected":false},"author":4,"featured_media":115964,"comment_status":"closed","ping_status":"closed","sticky":false,"template":"","format":"standard","meta":{"om_disable_all_campaigns":false,"_jetpack_memberships_contains_paid_content":false,"footnotes":""},"categories":[50,2,103],"tags":[197,33,95,19],"class_list":["post-115963","post","type-post","status-publish","format-standard","has-post-thumbnail","hentry","category-destacadas","category-locales","category-policiales-locales","tag-buenos-aires","tag-locales","tag-policiales","tag-san-pedro"],"aioseo_notices":[],"gutentor_comment":0,"jetpack_featured_media_url":"https:\/\/eldiariodesanpedro.com.ar\/sitio\/wp-content\/uploads\/2023\/03\/WhatsApp-Image-2023-03-15-at-16.09.11.jpeg","jetpack_shortlink":"https:\/\/wp.me\/p6RhLt-uan","jetpack_sharing_enabled":true,"_links":{"self":[{"href":"https:\/\/eldiariodesanpedro.com.ar\/sitio\/wp-json\/wp\/v2\/posts\/115963","targetHints":{"allow":["GET"]}}],"collection":[{"href":"https:\/\/eldiariodesanpedro.com.ar\/sitio\/wp-json\/wp\/v2\/posts"}],"about":[{"href":"https:\/\/eldiariodesanpedro.com.ar\/sitio\/wp-json\/wp\/v2\/types\/post"}],"author":[{"embeddable":true,"href":"https:\/\/eldiariodesanpedro.com.ar\/sitio\/wp-json\/wp\/v2\/users\/4"}],"replies":[{"embeddable":true,"href":"https:\/\/eldiariodesanpedro.com.ar\/sitio\/wp-json\/wp\/v2\/comments?post=115963"}],"version-history":[{"count":3,"href":"https:\/\/eldiariodesanpedro.com.ar\/sitio\/wp-json\/wp\/v2\/posts\/115963\/revisions"}],"predecessor-version":[{"id":115968,"href":"https:\/\/eldiariodesanpedro.com.ar\/sitio\/wp-json\/wp\/v2\/posts\/115963\/revisions\/115968"}],"wp:featuredmedia":[{"embeddable":true,"href":"https:\/\/eldiariodesanpedro.com.ar\/sitio\/wp-json\/wp\/v2\/media\/115964"}],"wp:attachment":[{"href":"https:\/\/eldiariodesanpedro.com.ar\/sitio\/wp-json\/wp\/v2\/media?parent=115963"}],"wp:term":[{"taxonomy":"category","embeddable":true,"href":"https:\/\/eldiariodesanpedro.com.ar\/sitio\/wp-json\/wp\/v2\/categories?post=115963"},{"taxonomy":"post_tag","embeddable":true,"href":"https:\/\/eldiariodesanpedro.com.ar\/sitio\/wp-json\/wp\/v2\/tags?post=115963"}],"curies":[{"name":"wp","href":"https:\/\/api.w.org\/{rel}","templated":true}]}}