{"id":115961,"date":"2023-03-15T15:45:49","date_gmt":"2023-03-15T18:45:49","guid":{"rendered":"https:\/\/eldiariodesanpedro.com.ar\/sitio\/?p=115961"},"modified":"2023-03-15T15:45:51","modified_gmt":"2023-03-15T18:45:51","slug":"caso-positivo-de-dengue-detectado-en-san-pedro","status":"publish","type":"post","link":"https:\/\/eldiariodesanpedro.com.ar\/sitio\/caso-positivo-de-dengue-detectado-en-san-pedro\/","title":{"rendered":"Caso positivo de Dengue detectado en San Pedro"},"content":{"rendered":"<!-- VideographyWP Plugin Message: Automatic video embedding prevented by plugin options. -->\n\n<p>La Secretar\u00eda de Salud de la Municipalidad de San Pedro informa que ante la detecci\u00f3n de un caso positivo de dengue, no contra\u00eddo en San Pedro, se ha dispuesto la realizaci\u00f3n de un operativo preventivo en los alrededores de la zona de Alvear y Mateo Sbert.<\/p>\n\n\n\n<p>Como es habitual en estos casos, personal del \u00e1rea de Salud trabajar\u00e1 haciendo controles a convivientes y personas vinculadas mientras que el Departamento de Bromatolog\u00eda comenzar\u00e1 el desarrollo de las medidas de protocolo. Adem\u00e1s, se proceder\u00e1 a la limpieza de zonas aleda\u00f1as y la descacharrizaci\u00f3n, recordando la importancia de todas las medidas preventivas para evitar la propagaci\u00f3n del mosquito Aedes aegypti que lo transmite.<\/p>\n","protected":false},"excerpt":{"rendered":"<p>La Secretar\u00eda de Salud de la Municipalidad de San Pedro informa que ante la detecci\u00f3n de un caso positivo de dengue, no contra\u00eddo en San Pedro, se ha dispuesto la realizaci\u00f3n de un operativo preventivo en los alrededores de la zona de Alvear y Mateo Sbert. Como es habitual en estos casos, personal del \u00e1rea [&hellip;]<\/p>\n","protected":false},"author":4,"featured_media":85442,"comment_status":"closed","ping_status":"closed","sticky":false,"template":"","format":"standard","meta":{"om_disable_all_campaigns":false,"_jetpack_memberships_contains_paid_content":false,"footnotes":""},"categories":[50,101,2],"tags":[197,696,33,19],"class_list":["post-115961","post","type-post","status-publish","format-standard","has-post-thumbnail","hentry","category-destacadas","category-interes-general-locales","category-locales","tag-buenos-aires","tag-interes-general","tag-locales","tag-san-pedro"],"aioseo_notices":[],"gutentor_comment":0,"jetpack_featured_media_url":"https:\/\/eldiariodesanpedro.com.ar\/sitio\/wp-content\/uploads\/2021\/01\/bbx_548619768_1_denguemosquito.jpg","jetpack_shortlink":"https:\/\/wp.me\/p6RhLt-ual","jetpack_sharing_enabled":true,"_links":{"self":[{"href":"https:\/\/eldiariodesanpedro.com.ar\/sitio\/wp-json\/wp\/v2\/posts\/115961","targetHints":{"allow":["GET"]}}],"collection":[{"href":"https:\/\/eldiariodesanpedro.com.ar\/sitio\/wp-json\/wp\/v2\/posts"}],"about":[{"href":"https:\/\/eldiariodesanpedro.com.ar\/sitio\/wp-json\/wp\/v2\/types\/post"}],"author":[{"embeddable":true,"href":"https:\/\/eldiariodesanpedro.com.ar\/sitio\/wp-json\/wp\/v2\/users\/4"}],"replies":[{"embeddable":true,"href":"https:\/\/eldiariodesanpedro.com.ar\/sitio\/wp-json\/wp\/v2\/comments?post=115961"}],"version-history":[{"count":1,"href":"https:\/\/eldiariodesanpedro.com.ar\/sitio\/wp-json\/wp\/v2\/posts\/115961\/revisions"}],"predecessor-version":[{"id":115962,"href":"https:\/\/eldiariodesanpedro.com.ar\/sitio\/wp-json\/wp\/v2\/posts\/115961\/revisions\/115962"}],"wp:featuredmedia":[{"embeddable":true,"href":"https:\/\/eldiariodesanpedro.com.ar\/sitio\/wp-json\/wp\/v2\/media\/85442"}],"wp:attachment":[{"href":"https:\/\/eldiariodesanpedro.com.ar\/sitio\/wp-json\/wp\/v2\/media?parent=115961"}],"wp:term":[{"taxonomy":"category","embeddable":true,"href":"https:\/\/eldiariodesanpedro.com.ar\/sitio\/wp-json\/wp\/v2\/categories?post=115961"},{"taxonomy":"post_tag","embeddable":true,"href":"https:\/\/eldiariodesanpedro.com.ar\/sitio\/wp-json\/wp\/v2\/tags?post=115961"}],"curies":[{"name":"wp","href":"https:\/\/api.w.org\/{rel}","templated":true}]}}