{"id":115956,"date":"2023-03-15T14:50:16","date_gmt":"2023-03-15T17:50:16","guid":{"rendered":"https:\/\/eldiariodesanpedro.com.ar\/sitio\/?p=115956"},"modified":"2023-03-15T14:50:35","modified_gmt":"2023-03-15T17:50:35","slug":"el-consejo-escolar-escolar-recibio-50-millones-de-pesos-del-fondo-de-financiamiento-educativo","status":"publish","type":"post","link":"https:\/\/eldiariodesanpedro.com.ar\/sitio\/el-consejo-escolar-escolar-recibio-50-millones-de-pesos-del-fondo-de-financiamiento-educativo\/","title":{"rendered":"El Consejo Escolar escolar recibi\u00f3 50 millones de pesos del Fondo de Financiamiento Educativo"},"content":{"rendered":"<!-- VideographyWP Plugin Message: Automatic video embedding prevented by plugin options. -->\n\n<p>Se formaliz\u00f3 en el municipio un nuevo desembolso en el cual se transfieren 50 millones de pesos, provenientes del Fondo de Financiamiento Educativo, al Consejo Escolar presidido por Jorge D\u2019Andrea tras la \u00faltima entrega, a fines del a\u00f1o pasado, por un monto de 25 millones de pesos.<\/p>\n\n\n\n<p>Los fondos ser\u00e1n utilizados para realizar obras que atiendan las necesidades de las Instituciones Educativas de todos los niveles y para la adquisici\u00f3n e instalaci\u00f3n de equipamientos en los establecimientos educativos, continuando con el compromiso asumido por el Gobierno Municipal de priorizar la educaci\u00f3n y trabajar en forma conjunta con el Consejo Escolar, a fin de que la comunidad educativa cuente con mejores condiciones.<\/p>\n\n\n\n<figure class=\"wp-block-image size-full\"><img decoding=\"async\" width=\"840\" height=\"630\" data-attachment-id=\"115957\" data-permalink=\"https:\/\/eldiariodesanpedro.com.ar\/sitio\/el-consejo-escolar-escolar-recibio-50-millones-de-pesos-del-fondo-de-financiamiento-educativo\/whatsapp-image-2023-03-15-at-13-47-01\/\" data-orig-file=\"https:\/\/eldiariodesanpedro.com.ar\/sitio\/wp-content\/uploads\/2023\/03\/WhatsApp-Image-2023-03-15-at-13.47.01.jpeg\" data-orig-size=\"840,630\" data-comments-opened=\"0\" data-image-meta=\"{&quot;aperture&quot;:&quot;0&quot;,&quot;credit&quot;:&quot;&quot;,&quot;camera&quot;:&quot;&quot;,&quot;caption&quot;:&quot;&quot;,&quot;created_timestamp&quot;:&quot;0&quot;,&quot;copyright&quot;:&quot;&quot;,&quot;focal_length&quot;:&quot;0&quot;,&quot;iso&quot;:&quot;0&quot;,&quot;shutter_speed&quot;:&quot;0&quot;,&quot;title&quot;:&quot;&quot;,&quot;orientation&quot;:&quot;0&quot;}\" data-image-title=\"WhatsApp Image 2023-03-15 at 13.47.01\" data-image-description=\"\" data-image-caption=\"\" data-large-file=\"https:\/\/eldiariodesanpedro.com.ar\/sitio\/wp-content\/uploads\/2023\/03\/WhatsApp-Image-2023-03-15-at-13.47.01.jpeg\" data-src=\"https:\/\/eldiariodesanpedro.com.ar\/sitio\/wp-content\/uploads\/2023\/03\/WhatsApp-Image-2023-03-15-at-13.47.01.jpeg\" alt=\"\" class=\"wp-image-115957 lazyload\" data-srcset=\"https:\/\/eldiariodesanpedro.com.ar\/sitio\/wp-content\/uploads\/2023\/03\/WhatsApp-Image-2023-03-15-at-13.47.01.jpeg 840w, https:\/\/eldiariodesanpedro.com.ar\/sitio\/wp-content\/uploads\/2023\/03\/WhatsApp-Image-2023-03-15-at-13.47.01-300x225.jpeg 300w, https:\/\/eldiariodesanpedro.com.ar\/sitio\/wp-content\/uploads\/2023\/03\/WhatsApp-Image-2023-03-15-at-13.47.01-768x576.jpeg 768w, https:\/\/eldiariodesanpedro.com.ar\/sitio\/wp-content\/uploads\/2023\/03\/WhatsApp-Image-2023-03-15-at-13.47.01-272x204.jpeg 272w\" data-sizes=\"(max-width: 840px) 100vw, 840px\" src=\"data:image\/svg+xml;base64,PHN2ZyB3aWR0aD0iMSIgaGVpZ2h0PSIxIiB4bWxucz0iaHR0cDovL3d3dy53My5vcmcvMjAwMC9zdmciPjwvc3ZnPg==\" style=\"--smush-placeholder-width: 840px; --smush-placeholder-aspect-ratio: 840\/630;\" \/><\/figure>\n","protected":false},"excerpt":{"rendered":"<p>Se formaliz\u00f3 en el municipio un nuevo desembolso en el cual se transfieren 50 millones de pesos, provenientes del Fondo de Financiamiento Educativo, al Consejo Escolar presidido por Jorge D\u2019Andrea tras la \u00faltima entrega, a fines del a\u00f1o pasado, por un monto de 25 millones de pesos. Los fondos ser\u00e1n utilizados para realizar obras que [&hellip;]<\/p>\n","protected":false},"author":4,"featured_media":115958,"comment_status":"closed","ping_status":"closed","sticky":false,"template":"","format":"standard","meta":{"om_disable_all_campaigns":false,"_jetpack_memberships_contains_paid_content":false,"footnotes":""},"categories":[50,101,2],"tags":[197,696,33,19],"class_list":["post-115956","post","type-post","status-publish","format-standard","has-post-thumbnail","hentry","category-destacadas","category-interes-general-locales","category-locales","tag-buenos-aires","tag-interes-general","tag-locales","tag-san-pedro"],"aioseo_notices":[],"gutentor_comment":0,"jetpack_featured_media_url":"https:\/\/eldiariodesanpedro.com.ar\/sitio\/wp-content\/uploads\/2023\/03\/WhatsApp-Image-2023-03-15-at-13.47.02.jpeg","jetpack_shortlink":"https:\/\/wp.me\/p6RhLt-uag","jetpack_sharing_enabled":true,"_links":{"self":[{"href":"https:\/\/eldiariodesanpedro.com.ar\/sitio\/wp-json\/wp\/v2\/posts\/115956","targetHints":{"allow":["GET"]}}],"collection":[{"href":"https:\/\/eldiariodesanpedro.com.ar\/sitio\/wp-json\/wp\/v2\/posts"}],"about":[{"href":"https:\/\/eldiariodesanpedro.com.ar\/sitio\/wp-json\/wp\/v2\/types\/post"}],"author":[{"embeddable":true,"href":"https:\/\/eldiariodesanpedro.com.ar\/sitio\/wp-json\/wp\/v2\/users\/4"}],"replies":[{"embeddable":true,"href":"https:\/\/eldiariodesanpedro.com.ar\/sitio\/wp-json\/wp\/v2\/comments?post=115956"}],"version-history":[{"count":2,"href":"https:\/\/eldiariodesanpedro.com.ar\/sitio\/wp-json\/wp\/v2\/posts\/115956\/revisions"}],"predecessor-version":[{"id":115960,"href":"https:\/\/eldiariodesanpedro.com.ar\/sitio\/wp-json\/wp\/v2\/posts\/115956\/revisions\/115960"}],"wp:featuredmedia":[{"embeddable":true,"href":"https:\/\/eldiariodesanpedro.com.ar\/sitio\/wp-json\/wp\/v2\/media\/115958"}],"wp:attachment":[{"href":"https:\/\/eldiariodesanpedro.com.ar\/sitio\/wp-json\/wp\/v2\/media?parent=115956"}],"wp:term":[{"taxonomy":"category","embeddable":true,"href":"https:\/\/eldiariodesanpedro.com.ar\/sitio\/wp-json\/wp\/v2\/categories?post=115956"},{"taxonomy":"post_tag","embeddable":true,"href":"https:\/\/eldiariodesanpedro.com.ar\/sitio\/wp-json\/wp\/v2\/tags?post=115956"}],"curies":[{"name":"wp","href":"https:\/\/api.w.org\/{rel}","templated":true}]}}