{"id":115941,"date":"2023-03-15T12:37:23","date_gmt":"2023-03-15T15:37:23","guid":{"rendered":"https:\/\/eldiariodesanpedro.com.ar\/sitio\/?p=115941"},"modified":"2023-03-15T12:37:25","modified_gmt":"2023-03-15T15:37:25","slug":"este-sabado-sera-el-126-aniversario-de-vuelta-de-obligado","status":"publish","type":"post","link":"https:\/\/eldiariodesanpedro.com.ar\/sitio\/este-sabado-sera-el-126-aniversario-de-vuelta-de-obligado\/","title":{"rendered":"Este sabado ser\u00e1 el 126\u00b0 Aniversario de Vuelta de Obligado"},"content":{"rendered":"<!-- VideographyWP Plugin Message: Automatic video embedding prevented by plugin options. -->\n\n<p>Este s\u00e1bado 18 de marzo la hist\u00f3rica localidad conmemora su 126\u00b0 aniversario con actuaciones en vivo, desfiles tradicionalistas, pe\u00f1a y baile.<\/p>\n\n\n\n<p>Desde las 18 hs. en Plaza Santiago Moreira se presentar\u00e1n Priscila Colom, Ballets de San Pedro, Salto y Merlo, el grupo de chamam\u00e9 Estampas Litorale\u00f1as, Joselitango y su grupo del recuerdo y la banda de cumbia La 22.<\/p>\n\n\n\n<p>El evento contar\u00e1 con servicio de cantina a beneficio del centro de jubilados y pensionados Pura vida.<\/p>\n","protected":false},"excerpt":{"rendered":"<p>Este s\u00e1bado 18 de marzo la hist\u00f3rica localidad conmemora su 126\u00b0 aniversario con actuaciones en vivo, desfiles tradicionalistas, pe\u00f1a y baile. Desde las 18 hs. en Plaza Santiago Moreira se presentar\u00e1n Priscila Colom, Ballets de San Pedro, Salto y Merlo, el grupo de chamam\u00e9 Estampas Litorale\u00f1as, Joselitango y su grupo del recuerdo y la banda [&hellip;]<\/p>\n","protected":false},"author":4,"featured_media":115942,"comment_status":"closed","ping_status":"closed","sticky":false,"template":"","format":"standard","meta":{"om_disable_all_campaigns":false,"_jetpack_memberships_contains_paid_content":false,"footnotes":""},"categories":[50,101,2],"tags":[],"class_list":["post-115941","post","type-post","status-publish","format-standard","has-post-thumbnail","hentry","category-destacadas","category-interes-general-locales","category-locales"],"aioseo_notices":[],"gutentor_comment":0,"jetpack_featured_media_url":"https:\/\/eldiariodesanpedro.com.ar\/sitio\/wp-content\/uploads\/2023\/03\/119058050_3312023725558946_1241764823096559412_o-770x513-1.jpg","jetpack_shortlink":"https:\/\/wp.me\/p6RhLt-ua1","jetpack_sharing_enabled":true,"_links":{"self":[{"href":"https:\/\/eldiariodesanpedro.com.ar\/sitio\/wp-json\/wp\/v2\/posts\/115941","targetHints":{"allow":["GET"]}}],"collection":[{"href":"https:\/\/eldiariodesanpedro.com.ar\/sitio\/wp-json\/wp\/v2\/posts"}],"about":[{"href":"https:\/\/eldiariodesanpedro.com.ar\/sitio\/wp-json\/wp\/v2\/types\/post"}],"author":[{"embeddable":true,"href":"https:\/\/eldiariodesanpedro.com.ar\/sitio\/wp-json\/wp\/v2\/users\/4"}],"replies":[{"embeddable":true,"href":"https:\/\/eldiariodesanpedro.com.ar\/sitio\/wp-json\/wp\/v2\/comments?post=115941"}],"version-history":[{"count":1,"href":"https:\/\/eldiariodesanpedro.com.ar\/sitio\/wp-json\/wp\/v2\/posts\/115941\/revisions"}],"predecessor-version":[{"id":115943,"href":"https:\/\/eldiariodesanpedro.com.ar\/sitio\/wp-json\/wp\/v2\/posts\/115941\/revisions\/115943"}],"wp:featuredmedia":[{"embeddable":true,"href":"https:\/\/eldiariodesanpedro.com.ar\/sitio\/wp-json\/wp\/v2\/media\/115942"}],"wp:attachment":[{"href":"https:\/\/eldiariodesanpedro.com.ar\/sitio\/wp-json\/wp\/v2\/media?parent=115941"}],"wp:term":[{"taxonomy":"category","embeddable":true,"href":"https:\/\/eldiariodesanpedro.com.ar\/sitio\/wp-json\/wp\/v2\/categories?post=115941"},{"taxonomy":"post_tag","embeddable":true,"href":"https:\/\/eldiariodesanpedro.com.ar\/sitio\/wp-json\/wp\/v2\/tags?post=115941"}],"curies":[{"name":"wp","href":"https:\/\/api.w.org\/{rel}","templated":true}]}}