{"id":115921,"date":"2023-03-15T11:25:33","date_gmt":"2023-03-15T14:25:33","guid":{"rendered":"https:\/\/eldiariodesanpedro.com.ar\/sitio\/?p=115921"},"modified":"2023-03-15T11:25:34","modified_gmt":"2023-03-15T14:25:34","slug":"el-dr-manso-asume-como-juez-en-avellaneda","status":"publish","type":"post","link":"https:\/\/eldiariodesanpedro.com.ar\/sitio\/el-dr-manso-asume-como-juez-en-avellaneda\/","title":{"rendered":"El Dr. Manso asume como juez en Avellaneda"},"content":{"rendered":"<!-- VideographyWP Plugin Message: Automatic video embedding prevented by plugin options. -->\n\n<p>El titular de la fiscal\u00eda 5 de nuestra ciudad deja el cargo para asumir como juez en el departamento judicial Avellaneda\/Lan\u00fas.<\/p>\n\n\n\n<p>Tal cual lo hab\u00eda adelantado FM G\u00e9nesis y San Pedro Informa el fiscal Marcelo Manso deja la dependencia en nuestra ciudad para cumplir funciones como juez.<\/p>\n\n\n\n<p>El titular de la Ufi 5 jurar\u00e1 este mi\u00e9rcoles como juez de ejecuci\u00f3n penal en el departamento judicial Avellaneda \u2013 Lan\u00fas e iniciar\u00e1 una nueva experiencia laboral en el \u00e1mbito judicial.<\/p>\n\n\n\n<p>Su lugar en San Pedro ser\u00e1 ocupado por las fiscales Viviana Ramos y Mar\u00eda del Valle Viviani, qui\u00e9nes se deber\u00e1n hacer cargo de las causas que se tramitaban en la fiscal\u00eda de Manso hasta bien se designe un nuevo titular.<\/p>\n\n\n\n<p>Marcelo Manso asumi\u00f3 en San Pedro en el a\u00f1o 2011, tuvo un buen desempe\u00f1o, y estuvo a cargo de causas resonantes c\u00f3mo el caso Lillo, el polic\u00eda asesinado por un delincuente, el caso Nicol\u00e1s Castillo, el joven asesinado en R\u00edo Tala. La causa termin\u00f3 siendo archivada m\u00e1s all\u00e1 del trabajo que realiz\u00f3 la fiscal\u00eda para esclarecerlo. Tambi\u00e9n instruy\u00f3 el caso Lucas Rotela en Baradero y el del asesinato del productor Ariel Gomila, d\u00f3nde adem\u00e1s de condenar al culpable Ulises Fern\u00e1ndez tambi\u00e9n imput\u00f3 a la ex consejera escolar Silvina Sampol.<\/p>\n","protected":false},"excerpt":{"rendered":"<p>El titular de la fiscal\u00eda 5 de nuestra ciudad deja el cargo para asumir como juez en el departamento judicial Avellaneda\/Lan\u00fas. Tal cual lo hab\u00eda adelantado FM G\u00e9nesis y San Pedro Informa el fiscal Marcelo Manso deja la dependencia en nuestra ciudad para cumplir funciones como juez. El titular de la Ufi 5 jurar\u00e1 este [&hellip;]<\/p>\n","protected":false},"author":4,"featured_media":115922,"comment_status":"closed","ping_status":"closed","sticky":false,"template":"","format":"standard","meta":{"om_disable_all_campaigns":false,"_jetpack_memberships_contains_paid_content":false,"footnotes":""},"categories":[50,101,2],"tags":[197,696,33,95,19],"class_list":["post-115921","post","type-post","status-publish","format-standard","has-post-thumbnail","hentry","category-destacadas","category-interes-general-locales","category-locales","tag-buenos-aires","tag-interes-general","tag-locales","tag-policiales","tag-san-pedro"],"aioseo_notices":[],"gutentor_comment":0,"jetpack_featured_media_url":"https:\/\/eldiariodesanpedro.com.ar\/sitio\/wp-content\/uploads\/2023\/03\/0000021696-resized-1920x1080-1.jpg","jetpack_shortlink":"https:\/\/wp.me\/p6RhLt-u9H","jetpack_sharing_enabled":true,"_links":{"self":[{"href":"https:\/\/eldiariodesanpedro.com.ar\/sitio\/wp-json\/wp\/v2\/posts\/115921","targetHints":{"allow":["GET"]}}],"collection":[{"href":"https:\/\/eldiariodesanpedro.com.ar\/sitio\/wp-json\/wp\/v2\/posts"}],"about":[{"href":"https:\/\/eldiariodesanpedro.com.ar\/sitio\/wp-json\/wp\/v2\/types\/post"}],"author":[{"embeddable":true,"href":"https:\/\/eldiariodesanpedro.com.ar\/sitio\/wp-json\/wp\/v2\/users\/4"}],"replies":[{"embeddable":true,"href":"https:\/\/eldiariodesanpedro.com.ar\/sitio\/wp-json\/wp\/v2\/comments?post=115921"}],"version-history":[{"count":1,"href":"https:\/\/eldiariodesanpedro.com.ar\/sitio\/wp-json\/wp\/v2\/posts\/115921\/revisions"}],"predecessor-version":[{"id":115923,"href":"https:\/\/eldiariodesanpedro.com.ar\/sitio\/wp-json\/wp\/v2\/posts\/115921\/revisions\/115923"}],"wp:featuredmedia":[{"embeddable":true,"href":"https:\/\/eldiariodesanpedro.com.ar\/sitio\/wp-json\/wp\/v2\/media\/115922"}],"wp:attachment":[{"href":"https:\/\/eldiariodesanpedro.com.ar\/sitio\/wp-json\/wp\/v2\/media?parent=115921"}],"wp:term":[{"taxonomy":"category","embeddable":true,"href":"https:\/\/eldiariodesanpedro.com.ar\/sitio\/wp-json\/wp\/v2\/categories?post=115921"},{"taxonomy":"post_tag","embeddable":true,"href":"https:\/\/eldiariodesanpedro.com.ar\/sitio\/wp-json\/wp\/v2\/tags?post=115921"}],"curies":[{"name":"wp","href":"https:\/\/api.w.org\/{rel}","templated":true}]}}