{"id":115918,"date":"2023-03-15T11:01:44","date_gmt":"2023-03-15T14:01:44","guid":{"rendered":"https:\/\/eldiariodesanpedro.com.ar\/sitio\/?p=115918"},"modified":"2023-03-15T11:01:45","modified_gmt":"2023-03-15T14:01:45","slug":"alerta-por-elevado-consumo-de-energia-y-continuidad-de-ola-de-calor","status":"publish","type":"post","link":"https:\/\/eldiariodesanpedro.com.ar\/sitio\/alerta-por-elevado-consumo-de-energia-y-continuidad-de-ola-de-calor\/","title":{"rendered":"Alerta por elevado consumo de energ\u00eda y continuidad de ola de calor"},"content":{"rendered":"<!-- VideographyWP Plugin Message: Automatic video embedding prevented by plugin options. -->\n\n<p>Ante la hist\u00f3rica persistencia de altas temperaturas que se mantienen, tanto de d\u00eda como de noche en toda nuestra zona, COOPSER recuerda que el consumo responsable de la energ\u00eda el\u00e9ctrica, es un aporte fundamental para mantener el suministro, con la menor cantidad de incidentes posibles.<\/p>\n\n\n\n<p>Toda la infraestructura t\u00e9cnica y de recursos humanos de la Cooperativa se encuentra dedicada en estos d\u00edas a mantener el servicio, que en muchos casos puede resultar fundamental para la salud, la provisi\u00f3n de agua potable y la continuidad de actividades esenciales.<\/p>\n\n\n\n<p>No obstante, la elevada demanda, de manera constante, provoca situaciones que con la colaboraci\u00f3n de todos, podr\u00edan evitarse.<\/p>\n\n\n\n<p>Mantener los equipos de aire acondicionado en 24\u00ba y s\u00f3lo dejarlos encendidos en espacios habitados, junto a una revisi\u00f3n de todos aquellos consumos que no son fundamentales en estos d\u00edas, es un aporte que se valora y agradece.<\/p>\n\n\n\n<p>Adem\u00e1s, ante fen\u00f3menos meteorol\u00f3gicos como los que se pronostican, desenchufar los artefactos m\u00e1s sensibles hasta que las tormentas hayan transcurrido, tambi\u00e9n es una medida recomendable.<\/p>\n\n\n\n<figure class=\"wp-block-image size-full\"><img decoding=\"async\" width=\"752\" height=\"630\" data-attachment-id=\"115919\" data-permalink=\"https:\/\/eldiariodesanpedro.com.ar\/sitio\/alerta-por-elevado-consumo-de-energia-y-continuidad-de-ola-de-calor\/alerta-ola-de-calor\/\" data-orig-file=\"https:\/\/eldiariodesanpedro.com.ar\/sitio\/wp-content\/uploads\/2023\/03\/alerta-ola-de-calor.jpg\" data-orig-size=\"752,630\" data-comments-opened=\"0\" data-image-meta=\"{&quot;aperture&quot;:&quot;0&quot;,&quot;credit&quot;:&quot;&quot;,&quot;camera&quot;:&quot;&quot;,&quot;caption&quot;:&quot;&quot;,&quot;created_timestamp&quot;:&quot;0&quot;,&quot;copyright&quot;:&quot;&quot;,&quot;focal_length&quot;:&quot;0&quot;,&quot;iso&quot;:&quot;0&quot;,&quot;shutter_speed&quot;:&quot;0&quot;,&quot;title&quot;:&quot;&quot;,&quot;orientation&quot;:&quot;0&quot;}\" data-image-title=\"alerta ola de calor\" data-image-description=\"\" data-image-caption=\"\" data-large-file=\"https:\/\/eldiariodesanpedro.com.ar\/sitio\/wp-content\/uploads\/2023\/03\/alerta-ola-de-calor.jpg\" data-src=\"https:\/\/eldiariodesanpedro.com.ar\/sitio\/wp-content\/uploads\/2023\/03\/alerta-ola-de-calor.jpg\" alt=\"\" class=\"wp-image-115919 lazyload\" data-srcset=\"https:\/\/eldiariodesanpedro.com.ar\/sitio\/wp-content\/uploads\/2023\/03\/alerta-ola-de-calor.jpg 752w, https:\/\/eldiariodesanpedro.com.ar\/sitio\/wp-content\/uploads\/2023\/03\/alerta-ola-de-calor-300x251.jpg 300w\" data-sizes=\"(max-width: 752px) 100vw, 752px\" src=\"data:image\/svg+xml;base64,PHN2ZyB3aWR0aD0iMSIgaGVpZ2h0PSIxIiB4bWxucz0iaHR0cDovL3d3dy53My5vcmcvMjAwMC9zdmciPjwvc3ZnPg==\" style=\"--smush-placeholder-width: 752px; --smush-placeholder-aspect-ratio: 752\/630;\" \/><\/figure>\n","protected":false},"excerpt":{"rendered":"<p>Ante la hist\u00f3rica persistencia de altas temperaturas que se mantienen, tanto de d\u00eda como de noche en toda nuestra zona, COOPSER recuerda que el consumo responsable de la energ\u00eda el\u00e9ctrica, es un aporte fundamental para mantener el suministro, con la menor cantidad de incidentes posibles. Toda la infraestructura t\u00e9cnica y de recursos humanos de la [&hellip;]<\/p>\n","protected":false},"author":4,"featured_media":95422,"comment_status":"closed","ping_status":"closed","sticky":false,"template":"","format":"standard","meta":{"om_disable_all_campaigns":false,"_jetpack_memberships_contains_paid_content":false,"footnotes":""},"categories":[50,101,2],"tags":[197,696,33,19],"class_list":["post-115918","post","type-post","status-publish","format-standard","has-post-thumbnail","hentry","category-destacadas","category-interes-general-locales","category-locales","tag-buenos-aires","tag-interes-general","tag-locales","tag-san-pedro"],"aioseo_notices":[],"gutentor_comment":0,"jetpack_featured_media_url":"https:\/\/eldiariodesanpedro.com.ar\/sitio\/wp-content\/uploads\/2021\/07\/COOPSER-sede-central.jpg","jetpack_shortlink":"https:\/\/wp.me\/p6RhLt-u9E","jetpack_sharing_enabled":true,"_links":{"self":[{"href":"https:\/\/eldiariodesanpedro.com.ar\/sitio\/wp-json\/wp\/v2\/posts\/115918","targetHints":{"allow":["GET"]}}],"collection":[{"href":"https:\/\/eldiariodesanpedro.com.ar\/sitio\/wp-json\/wp\/v2\/posts"}],"about":[{"href":"https:\/\/eldiariodesanpedro.com.ar\/sitio\/wp-json\/wp\/v2\/types\/post"}],"author":[{"embeddable":true,"href":"https:\/\/eldiariodesanpedro.com.ar\/sitio\/wp-json\/wp\/v2\/users\/4"}],"replies":[{"embeddable":true,"href":"https:\/\/eldiariodesanpedro.com.ar\/sitio\/wp-json\/wp\/v2\/comments?post=115918"}],"version-history":[{"count":1,"href":"https:\/\/eldiariodesanpedro.com.ar\/sitio\/wp-json\/wp\/v2\/posts\/115918\/revisions"}],"predecessor-version":[{"id":115920,"href":"https:\/\/eldiariodesanpedro.com.ar\/sitio\/wp-json\/wp\/v2\/posts\/115918\/revisions\/115920"}],"wp:featuredmedia":[{"embeddable":true,"href":"https:\/\/eldiariodesanpedro.com.ar\/sitio\/wp-json\/wp\/v2\/media\/95422"}],"wp:attachment":[{"href":"https:\/\/eldiariodesanpedro.com.ar\/sitio\/wp-json\/wp\/v2\/media?parent=115918"}],"wp:term":[{"taxonomy":"category","embeddable":true,"href":"https:\/\/eldiariodesanpedro.com.ar\/sitio\/wp-json\/wp\/v2\/categories?post=115918"},{"taxonomy":"post_tag","embeddable":true,"href":"https:\/\/eldiariodesanpedro.com.ar\/sitio\/wp-json\/wp\/v2\/tags?post=115918"}],"curies":[{"name":"wp","href":"https:\/\/api.w.org\/{rel}","templated":true}]}}