{"id":115916,"date":"2023-03-15T10:52:44","date_gmt":"2023-03-15T13:52:44","guid":{"rendered":"https:\/\/eldiariodesanpedro.com.ar\/sitio\/?p=115916"},"modified":"2026-01-24T00:55:20","modified_gmt":"2026-01-24T03:55:20","slug":"fallecio-ramirez-carlos-benito-de-69-anos-de-edad","status":"publish","type":"post","link":"https:\/\/eldiariodesanpedro.com.ar\/sitio\/fallecio-ramirez-carlos-benito-de-69-anos-de-edad\/","title":{"rendered":"Falleci\u00f3 Ram\u00edrez Carlos Benito de 69 a\u00f1os de edad"},"content":{"rendered":"<!-- VideographyWP Plugin Message: Automatic video embedding prevented by plugin options. -->\n\n<p>Se informa el fallecimiento de Ram\u00edrez Carlos Benito de 69 a\u00f1os de edad, el sepelio se realizara en la casa velatorio Coopser sala N\u00ba 3.<br>El sepelio se llevara a cabo hoy mi\u00e9rcoles 15 de Marzo de 2023 desde las 9 hs y posteriormente sus restos ser\u00e1n inhumados en el Cementerio Campana de Paz.<\/p>\n","protected":false},"excerpt":{"rendered":"<p>Se informa el fallecimiento de Ram\u00edrez Carlos Benito de 69 a\u00f1os de edad, el sepelio se realizara en la casa velatorio Coopser sala N\u00ba 3.El sepelio se llevara a cabo hoy mi\u00e9rcoles 15 de Marzo de 2023 desde las 9 hs y posteriormente sus restos ser\u00e1n inhumados en el Cementerio Campana de Paz.<\/p>\n","protected":false},"author":4,"featured_media":113757,"comment_status":"closed","ping_status":"","sticky":false,"template":"","format":"standard","meta":{"om_disable_all_campaigns":false,"_jetpack_memberships_contains_paid_content":false,"footnotes":""},"categories":[8424],"tags":[197,696,19],"class_list":["post-115916","post","type-post","status-publish","format-standard","has-post-thumbnail","hentry","category-necrologicas","tag-buenos-aires","tag-interes-general","tag-san-pedro"],"aioseo_notices":[],"gutentor_comment":0,"jetpack_featured_media_url":"https:\/\/eldiariodesanpedro.com.ar\/sitio\/wp-content\/uploads\/2023\/01\/necrologicas.jpg","jetpack_shortlink":"https:\/\/wp.me\/p6RhLt-u9C","jetpack_sharing_enabled":true,"_links":{"self":[{"href":"https:\/\/eldiariodesanpedro.com.ar\/sitio\/wp-json\/wp\/v2\/posts\/115916","targetHints":{"allow":["GET"]}}],"collection":[{"href":"https:\/\/eldiariodesanpedro.com.ar\/sitio\/wp-json\/wp\/v2\/posts"}],"about":[{"href":"https:\/\/eldiariodesanpedro.com.ar\/sitio\/wp-json\/wp\/v2\/types\/post"}],"author":[{"embeddable":true,"href":"https:\/\/eldiariodesanpedro.com.ar\/sitio\/wp-json\/wp\/v2\/users\/4"}],"replies":[{"embeddable":true,"href":"https:\/\/eldiariodesanpedro.com.ar\/sitio\/wp-json\/wp\/v2\/comments?post=115916"}],"version-history":[{"count":1,"href":"https:\/\/eldiariodesanpedro.com.ar\/sitio\/wp-json\/wp\/v2\/posts\/115916\/revisions"}],"predecessor-version":[{"id":115917,"href":"https:\/\/eldiariodesanpedro.com.ar\/sitio\/wp-json\/wp\/v2\/posts\/115916\/revisions\/115917"}],"wp:featuredmedia":[{"embeddable":true,"href":"https:\/\/eldiariodesanpedro.com.ar\/sitio\/wp-json\/wp\/v2\/media\/113757"}],"wp:attachment":[{"href":"https:\/\/eldiariodesanpedro.com.ar\/sitio\/wp-json\/wp\/v2\/media?parent=115916"}],"wp:term":[{"taxonomy":"category","embeddable":true,"href":"https:\/\/eldiariodesanpedro.com.ar\/sitio\/wp-json\/wp\/v2\/categories?post=115916"},{"taxonomy":"post_tag","embeddable":true,"href":"https:\/\/eldiariodesanpedro.com.ar\/sitio\/wp-json\/wp\/v2\/tags?post=115916"}],"curies":[{"name":"wp","href":"https:\/\/api.w.org\/{rel}","templated":true}]}}