{"id":115913,"date":"2023-03-14T20:08:56","date_gmt":"2023-03-14T23:08:56","guid":{"rendered":"https:\/\/eldiariodesanpedro.com.ar\/sitio\/?p=115913"},"modified":"2023-03-14T20:08:59","modified_gmt":"2023-03-14T23:08:59","slug":"le-robaron-la-moto-que-dejo-todo-el-dia-en-una-cancha-de-futbol-5","status":"publish","type":"post","link":"https:\/\/eldiariodesanpedro.com.ar\/sitio\/le-robaron-la-moto-que-dejo-todo-el-dia-en-una-cancha-de-futbol-5\/","title":{"rendered":"Le robaron la moto que dejo todo el d\u00eda en una cancha de futbol 5"},"content":{"rendered":"<!-- VideographyWP Plugin Message: Automatic video embedding prevented by plugin options. -->\n\n<p>En la comisaria de nuestra ciudad este lunes por la noche un trabajador denuncio que le sustrajeron su motocicleta.<\/p>\n\n\n\n<p>El hecho ocurri\u00f3 en la jornada de ayer cuando este ciudadano de 27 a\u00f1os de edad dejo su motocicleta en un predio de futbol 5 ubicado en Mitre al 3000 a las primeras horas de la ma\u00f1ana y se fue a trabajar, cuando volvi\u00f3 a altas horas de la noche se encontr\u00f3 que el rodado ya no se encontraba.<\/p>\n","protected":false},"excerpt":{"rendered":"<p>En la comisaria de nuestra ciudad este lunes por la noche un trabajador denuncio que le sustrajeron su motocicleta. El hecho ocurri\u00f3 en la jornada de ayer cuando este ciudadano de 27 a\u00f1os de edad dejo su motocicleta en un predio de futbol 5 ubicado en Mitre al 3000 a las primeras horas de la [&hellip;]<\/p>\n","protected":false},"author":4,"featured_media":115914,"comment_status":"closed","ping_status":"closed","sticky":false,"template":"","format":"standard","meta":{"om_disable_all_campaigns":false,"_jetpack_memberships_contains_paid_content":false,"footnotes":""},"categories":[2,103],"tags":[197,33,95,19],"class_list":["post-115913","post","type-post","status-publish","format-standard","has-post-thumbnail","hentry","category-locales","category-policiales-locales","tag-buenos-aires","tag-locales","tag-policiales","tag-san-pedro"],"aioseo_notices":[],"gutentor_comment":0,"jetpack_featured_media_url":"https:\/\/eldiariodesanpedro.com.ar\/sitio\/wp-content\/uploads\/2023\/03\/medida-15.jpg","jetpack_shortlink":"https:\/\/wp.me\/p6RhLt-u9z","jetpack_sharing_enabled":true,"_links":{"self":[{"href":"https:\/\/eldiariodesanpedro.com.ar\/sitio\/wp-json\/wp\/v2\/posts\/115913","targetHints":{"allow":["GET"]}}],"collection":[{"href":"https:\/\/eldiariodesanpedro.com.ar\/sitio\/wp-json\/wp\/v2\/posts"}],"about":[{"href":"https:\/\/eldiariodesanpedro.com.ar\/sitio\/wp-json\/wp\/v2\/types\/post"}],"author":[{"embeddable":true,"href":"https:\/\/eldiariodesanpedro.com.ar\/sitio\/wp-json\/wp\/v2\/users\/4"}],"replies":[{"embeddable":true,"href":"https:\/\/eldiariodesanpedro.com.ar\/sitio\/wp-json\/wp\/v2\/comments?post=115913"}],"version-history":[{"count":1,"href":"https:\/\/eldiariodesanpedro.com.ar\/sitio\/wp-json\/wp\/v2\/posts\/115913\/revisions"}],"predecessor-version":[{"id":115915,"href":"https:\/\/eldiariodesanpedro.com.ar\/sitio\/wp-json\/wp\/v2\/posts\/115913\/revisions\/115915"}],"wp:featuredmedia":[{"embeddable":true,"href":"https:\/\/eldiariodesanpedro.com.ar\/sitio\/wp-json\/wp\/v2\/media\/115914"}],"wp:attachment":[{"href":"https:\/\/eldiariodesanpedro.com.ar\/sitio\/wp-json\/wp\/v2\/media?parent=115913"}],"wp:term":[{"taxonomy":"category","embeddable":true,"href":"https:\/\/eldiariodesanpedro.com.ar\/sitio\/wp-json\/wp\/v2\/categories?post=115913"},{"taxonomy":"post_tag","embeddable":true,"href":"https:\/\/eldiariodesanpedro.com.ar\/sitio\/wp-json\/wp\/v2\/tags?post=115913"}],"curies":[{"name":"wp","href":"https:\/\/api.w.org\/{rel}","templated":true}]}}